{"id":48376,"date":"2026-09-03T18:18:15","date_gmt":"2026-09-03T21:18:15","guid":{"rendered":"https:\/\/www.cremeb.org.br\/?p=48376"},"modified":"2026-09-03T18:18:15","modified_gmt":"2026-09-03T21:18:15","slug":"diretores-do-cremeb-prestigiam-entrega-de-titulo-de-cidadao-baiano-a-jose-saturnino-rodrigues","status":"publish","type":"post","link":"https:\/\/www.cremeb.org.br\/index.php\/noticias\/diretores-do-cremeb-prestigiam-entrega-de-titulo-de-cidadao-baiano-a-jose-saturnino-rodrigues\/","title":{"rendered":"Diretores do Cremeb prestigiam entrega de T\u00edtulo de Cidad\u00e3o Baiano a Jos\u00e9 Saturnino Rodrigues"},"content":{"rendered":"<div class=\"wp-block-image\"><img decoding=\"async\" loading=\"lazy\" class=\"wpa-warning wpa-image-missing-alt alignnone size-medium wp-image-48377 aligncenter\" src=\"https:\/\/www.cremeb.org.br\/wp-content\/uploads\/2026\/09\/lsp_061bd9ea3cdfb651969a4a440c919b0b_030926-091418-403x268.jpeg\" alt=\"\" width=\"403\" height=\"268\" data-warning=\"Texto alternativo ausente\" srcset=\"https:\/\/www.cremeb.org.br\/wp-content\/uploads\/2026\/09\/lsp_061bd9ea3cdfb651969a4a440c919b0b_030926-091418-403x268.jpeg 403w, https:\/\/www.cremeb.org.br\/wp-content\/uploads\/2026\/09\/lsp_061bd9ea3cdfb651969a4a440c919b0b_030926-091418-1024x683.jpeg 1024w, https:\/\/www.cremeb.org.br\/wp-content\/uploads\/2026\/09\/lsp_061bd9ea3cdfb651969a4a440c919b0b_030926-091418-150x100.jpeg 150w, https:\/\/www.cremeb.org.br\/wp-content\/uploads\/2026\/09\/lsp_061bd9ea3cdfb651969a4a440c919b0b_030926-091418-768x512.jpeg 768w, https:\/\/www.cremeb.org.br\/wp-content\/uploads\/2026\/09\/lsp_061bd9ea3cdfb651969a4a440c919b0b_030926-091418.jpeg 1280w\" sizes=\"(max-width: 403px) 100vw, 403px\" \/><\/div>\n<p>Na manh\u00e3 desta quinta-feira (3), o Conselho Regional de Medicina do Estado da Bahia (Cremeb) esteve presente na Assembleia Legislativa do Estado da Bahia para acompanhar a cerim\u00f4nia de entrega do T\u00edtulo de Cidad\u00e3o Baiano ao administrador e especialista em administra\u00e7\u00e3o p\u00fablica Jos\u00e9 Saturnino Rodrigues, atual presidente da Funda\u00e7\u00e3o ABM de Pesquisa e Extens\u00e3o na \u00c1rea da Sa\u00fade (FABAMED) e ex-secret\u00e1rio Municipal de Sa\u00fade de Salvador. A homenagem reconheceu uma trajet\u00f3ria de d\u00e9cadas dedicada \u00e0 gest\u00e3o p\u00fablica e \u00e0 sa\u00fade no estado, e aconteceu justamente no dia em que o homenageado celebrou seu anivers\u00e1rio. O Cremeb foi representado pelo vice-presidente, Dr. Pl\u00ednio Sodr\u00e9, e pelo diretor do Departamento de Defesa das Prerrogativas do M\u00e9dico, Dr. Jos\u00e9 Abelardo de Meneses.<\/p>\n<p>Para Dr. Pl\u00ednio Sodr\u00e9, a homenagem reconhece uma trajet\u00f3ria que muito contribuiu para a sa\u00fade baiana. &#8220;\u00c9 com grande alegria que acompanhamos essa justa homenagem a um profissional que dedicou boa parte de sua vida \u00e0 gest\u00e3o da sa\u00fade p\u00fablica na Bahia. A trajet\u00f3ria de Jos\u00e9 Rodrigues \u00e9 motivo de orgulho, e a Bahia se sente privilegiada por ter contado com sua atua\u00e7\u00e3o em momentos t\u00e3o importantes para o setor. Parabenizamos por essa conquista, que \u00e9 tamb\u00e9m um reconhecimento ao compromisso com a sa\u00fade&#8221;, afirmou o vice-presidente do Cremeb.<\/p>\n<p>Nascido no Rio de Janeiro, Jos\u00e9 Saturnino Rodrigues construiu na Bahia grande parte de sua carreira profissional. Ao longo dos anos, ocupou cargos de destaque em institui\u00e7\u00f5es relevantes, como a diretoria da Santa Casa de Miseric\u00f3rdia da Bahia, al\u00e9m de ter atuado como secret\u00e1rio Municipal de Sa\u00fade de Salvador e superintendente da Secretaria da Sa\u00fade do Estado da Bahia. Atualmente, est\u00e1 \u00e0 frente da FABAMED, institui\u00e7\u00e3o que atua na \u00e1rea da sa\u00fade e re\u00fane, segundo dados apresentados pela pr\u00f3pria organiza\u00e7\u00e3o, quase 10 mil colaboradores nos estados da Bahia e Sergipe. Foi justamente esse conjunto de contribui\u00e7\u00f5es \u00e0 gest\u00e3o e ao desenvolvimento da sa\u00fade p\u00fablica baiana que o credenciou ao reconhecimento oficial de Cidad\u00e3o Baiano.<\/p>\n","protected":false},"excerpt":{"rendered":"<p>Na manh\u00e3 desta quinta-feira (3), o Conselho Regional de Medicina do Estado da Bahia (Cremeb) esteve presente na Assembleia Legislativa [&hellip;]<\/p>\n","protected":false},"author":22,"featured_media":48377,"comment_status":"open","ping_status":"open","sticky":false,"template":"","format":"standard","meta":{"_expiration-date-status":"","_expiration-date":0,"_expiration-date-type":"","_expiration-date-categories":[],"_expiration-date-options":[]},"categories":[1,28],"tags":[],"acf":[],"_links":{"self":[{"href":"https:\/\/www.cremeb.org.br\/index.php\/wp-json\/wp\/v2\/posts\/48376"}],"collection":[{"href":"https:\/\/www.cremeb.org.br\/index.php\/wp-json\/wp\/v2\/posts"}],"about":[{"href":"https:\/\/www.cremeb.org.br\/index.php\/wp-json\/wp\/v2\/types\/post"}],"author":[{"embeddable":true,"href":"https:\/\/www.cremeb.org.br\/index.php\/wp-json\/wp\/v2\/users\/22"}],"replies":[{"embeddable":true,"href":"https:\/\/www.cremeb.org.br\/index.php\/wp-json\/wp\/v2\/comments?post=48376"}],"version-history":[{"count":1,"href":"https:\/\/www.cremeb.org.br\/index.php\/wp-json\/wp\/v2\/posts\/48376\/revisions"}],"predecessor-version":[{"id":48378,"href":"https:\/\/www.cremeb.org.br\/index.php\/wp-json\/wp\/v2\/posts\/48376\/revisions\/48378"}],"wp:featuredmedia":[{"embeddable":true,"href":"https:\/\/www.cremeb.org.br\/index.php\/wp-json\/wp\/v2\/media\/48377"}],"wp:attachment":[{"href":"https:\/\/www.cremeb.org.br\/index.php\/wp-json\/wp\/v2\/media?parent=48376"}],"wp:term":[{"taxonomy":"category","embeddable":true,"href":"https:\/\/www.cremeb.org.br\/index.php\/wp-json\/wp\/v2\/categories?post=48376"},{"taxonomy":"post_tag","embeddable":true,"href":"https:\/\/www.cremeb.org.br\/index.php\/wp-json\/wp\/v2\/tags?post=48376"}],"curies":[{"name":"wp","href":"https:\/\/api.w.org\/{rel}","templated":true}]}}