{"id":48365,"date":"2026-09-03T08:51:43","date_gmt":"2026-09-03T11:51:43","guid":{"rendered":"https:\/\/www.cremeb.org.br\/?p=48365"},"modified":"2026-09-03T08:55:01","modified_gmt":"2026-09-03T11:55:01","slug":"cremeb-participa-do-iii-congresso-internacional-dialogos-humanistas-com-debate-sobre-publicidade-medica","status":"publish","type":"post","link":"https:\/\/www.cremeb.org.br\/index.php\/noticias\/cremeb-participa-do-iii-congresso-internacional-dialogos-humanistas-com-debate-sobre-publicidade-medica\/","title":{"rendered":"Cremeb participa do III Congresso Internacional Di\u00e1logos Humanistas com debate sobre publicidade m\u00e9dica"},"content":{"rendered":"<div class=\"wp-block-image\"><img decoding=\"async\" loading=\"lazy\" class=\"wpa-warning wpa-image-missing-alt alignnone size-medium wp-image-48366 aligncenter\" src=\"https:\/\/www.cremeb.org.br\/wp-content\/uploads\/2026\/09\/lsp_2e6af929e0cc4891fcc0a99808818d9b_030926-013628-403x268.jpg\" alt=\"\" width=\"403\" height=\"268\" data-warning=\"Texto alternativo ausente\" srcset=\"https:\/\/www.cremeb.org.br\/wp-content\/uploads\/2026\/09\/lsp_2e6af929e0cc4891fcc0a99808818d9b_030926-013628-403x268.jpg 403w, https:\/\/www.cremeb.org.br\/wp-content\/uploads\/2026\/09\/lsp_2e6af929e0cc4891fcc0a99808818d9b_030926-013628-1024x683.jpg 1024w, https:\/\/www.cremeb.org.br\/wp-content\/uploads\/2026\/09\/lsp_2e6af929e0cc4891fcc0a99808818d9b_030926-013628-150x100.jpg 150w, https:\/\/www.cremeb.org.br\/wp-content\/uploads\/2026\/09\/lsp_2e6af929e0cc4891fcc0a99808818d9b_030926-013628-768x512.jpg 768w, https:\/\/www.cremeb.org.br\/wp-content\/uploads\/2026\/09\/lsp_2e6af929e0cc4891fcc0a99808818d9b_030926-013628-1536x1024.jpg 1536w, https:\/\/www.cremeb.org.br\/wp-content\/uploads\/2026\/09\/lsp_2e6af929e0cc4891fcc0a99808818d9b_030926-013628-2048x1365.jpg 2048w\" sizes=\"(max-width: 403px) 100vw, 403px\" \/><\/div>\n<p>A constru\u00e7\u00e3o de solu\u00e7\u00f5es conjuntas para os desafios da sociedade contou, nesta quarta-feira (2), com a colabora\u00e7\u00e3o do Conselho Regional de Medicina do Estado da Bahia (Cremeb), por meio da participa\u00e7\u00e3o do conselheiro Dr. Jos\u00e9 Abelardo de Meneses, diretor do Departamento de Defesa das Prerrogativas do M\u00e9dico da institui\u00e7\u00e3o, no III Congresso Internacional Di\u00e1logos Humanistas. O evento \u00e9 um dos principais espa\u00e7os de di\u00e1logo entre profissionais do Direito, da Medicina e de outras \u00e1reas voltadas ao fortalecimento das rela\u00e7\u00f5es entre sa\u00fade, \u00e9tica e justi\u00e7a.<\/p>\n<p>A participa\u00e7\u00e3o do conselheiro se deu na mesa sobre Responsabilidade Jur\u00eddica, \u00c9tica e Sigilo na Pr\u00e1tica e Inova\u00e7\u00e3o M\u00e9dica, realizada em formato h\u00edbrido e moderada pela advogada Dra. Raildes Pereira Santos, coordenadora do curso de Direito da Faculdade de Excel\u00eancia UNEX, em Itabuna. Tamb\u00e9m compuseram a mesa as advogadas Luciana Guimar\u00e3es e Adriana Guimar\u00e3es, ambas especialistas em Direito M\u00e9dico e da Sa\u00fade, al\u00e9m da Dra. Vanessa Lima Bacilieri, analista jur\u00eddica do MP-BA e mestre em Direito Privado e Econ\u00f4mico, que participou de forma remota.<\/p>\n<p>O tema apresentado por Dr. Abelardo, &#8220;A Propaganda e Publicidade M\u00e9dicas no Contexto da Promo\u00e7\u00e3o da Sa\u00fade&#8221;, tratou de um assunto que ganha cada vez mais relev\u00e2ncia diante da complexidade das rela\u00e7\u00f5es entre m\u00e9dicos, pacientes e sociedade. Para o idealizador do congresso, promotor de justi\u00e7a do Minist\u00e9rio P\u00fablico do Estado da Bahia e professor titular da Universidade Estadual da Bahia, Dr. Clodoaldo Anuncia\u00e7\u00e3o, a escolha do tema reflete uma necessidade urgente de equil\u00edbrio entre a prote\u00e7\u00e3o do paciente e a seguran\u00e7a do profissional.<\/p>\n<p>&#8220;\u00c9 necess\u00e1rio proteger o paciente de publicidades ou propagandas que possam ser consideradas promessas que n\u00e3o t\u00eam condi\u00e7\u00f5es de ser cumpridas pelo profissional, o que geraria uma expectativa diferente da realidade e, consequentemente, frustra\u00e7\u00e3o, processo \u00e9tico e uma s\u00e9rie de desdobramentos jur\u00eddicos. Por outro lado, o profissional m\u00e9dico tamb\u00e9m precisa se resguardar, para que possa realizar seus procedimentos nas \u00e1reas em que se especializou sem que isso gere consequ\u00eancias \u00e9ticas, disciplinares, jur\u00eddicas e at\u00e9 penais, em raz\u00e3o de uma informa\u00e7\u00e3o sem lastro suficiente para ser cumprida&#8221;, destacou o promotor.<\/p>\n<p>Para Dr. Jos\u00e9 Abelardo, participar de um espa\u00e7o t\u00e3o rico em ci\u00eancia e conhecimento, que re\u00fane diferentes \u00e1reas em torno de temas sens\u00edveis \u00e0 sociedade, \u00e9 motivo de grande satisfa\u00e7\u00e3o. &#8220;\u00c9 uma alegria muito grande poder colaborar com um evento t\u00e3o plural, que re\u00fane tantos estudiosos e diferentes \u00e1reas do conhecimento. Mais do que isso, \u00e9 gratificante estar trocando informa\u00e7\u00f5es diretamente com a sociedade sobre temas de tamanha import\u00e2ncia e impacto para a sa\u00fade da popula\u00e7\u00e3o&#8221;, afirmou o conselheiro.<\/p>\n<p>Essa n\u00e3o \u00e9 a primeira vez que o Cremeb participa do evento por meio da representa\u00e7\u00e3o do conselheiro Dr. Abelardo, o que refor\u00e7a, segundo Dr. Clodoaldo Anuncia\u00e7\u00e3o, a import\u00e2ncia desse interc\u00e2mbio entre categorias profissionais. &#8220;A participa\u00e7\u00e3o do Dr. Jos\u00e9 Abelardo pela terceira vez no congresso nos alegra muito, porque podemos, dentro de um evento jur\u00eddico, ouvir uma voz balizada da classe m\u00e9dica esclarecendo pontos necess\u00e1rios, dialogando com advogados, promotores, ju\u00edzes e procuradores da Rep\u00fablica, para que as categorias conhe\u00e7am o trabalho de cada uma e possam desenvolver um fluxo de trabalho eficiente, que diminua a judicializa\u00e7\u00e3o da sa\u00fade e traga ganhos reais para a sa\u00fade coletiva&#8221;, afirmou.<\/p>\n<p>O III Congresso Internacional Di\u00e1logos Humanistas teve in\u00edcio ontem (ter\u00e7a-feira) e tem programa\u00e7\u00e3o at\u00e9 a pr\u00f3xima sexta-feira.<\/p>\n\n\t\t<style type=\"text\/css\">\n\t\t\t#gallery-1 {\n\t\t\t\tmargin: auto;\n\t\t\t}\n\t\t\t#gallery-1 .gallery-item {\n\t\t\t\tfloat: left;\n\t\t\t\tmargin-top: 10px;\n\t\t\t\ttext-align: center;\n\t\t\t\twidth: 25%;\n\t\t\t}\n\t\t\t#gallery-1 img {\n\t\t\t\tborder: 2px solid #cfcfcf;\n\t\t\t}\n\t\t\t#gallery-1 .gallery-caption {\n\t\t\t\tmargin-left: 0;\n\t\t\t}\n\t\t\t\/* see gallery_shortcode() in wp-includes\/media.php *\/\n\t\t<\/style>\n\t\t<div id='gallery-1' class='gallery galleryid-48365 gallery-columns-4 gallery-size-thumbnail'><dl class='gallery-item'>\n\t\t\t<dt class='gallery-icon landscape'>\n\t\t\t\t<a href='https:\/\/www.cremeb.org.br\/wp-content\/uploads\/2026\/09\/lsp_3017b484f6f9881977ecbd89b5901e34_030926-013635-scaled.jpg'><img width=\"150\" height=\"100\" src=\"https:\/\/www.cremeb.org.br\/wp-content\/uploads\/2026\/09\/lsp_3017b484f6f9881977ecbd89b5901e34_030926-013635-150x100.jpg\" class=\"attachment-thumbnail size-thumbnail\" alt=\"\" decoding=\"async\" loading=\"lazy\" srcset=\"https:\/\/www.cremeb.org.br\/wp-content\/uploads\/2026\/09\/lsp_3017b484f6f9881977ecbd89b5901e34_030926-013635-150x100.jpg 150w, https:\/\/www.cremeb.org.br\/wp-content\/uploads\/2026\/09\/lsp_3017b484f6f9881977ecbd89b5901e34_030926-013635-403x268.jpg 403w, https:\/\/www.cremeb.org.br\/wp-content\/uploads\/2026\/09\/lsp_3017b484f6f9881977ecbd89b5901e34_030926-013635-1024x683.jpg 1024w, https:\/\/www.cremeb.org.br\/wp-content\/uploads\/2026\/09\/lsp_3017b484f6f9881977ecbd89b5901e34_030926-013635-768x512.jpg 768w, https:\/\/www.cremeb.org.br\/wp-content\/uploads\/2026\/09\/lsp_3017b484f6f9881977ecbd89b5901e34_030926-013635-1536x1024.jpg 1536w, https:\/\/www.cremeb.org.br\/wp-content\/uploads\/2026\/09\/lsp_3017b484f6f9881977ecbd89b5901e34_030926-013635-2048x1365.jpg 2048w\" sizes=\"(max-width: 150px) 100vw, 150px\" \/><\/a>\n\t\t\t<\/dt><\/dl><dl class='gallery-item'>\n\t\t\t<dt class='gallery-icon landscape'>\n\t\t\t\t<a href='https:\/\/www.cremeb.org.br\/wp-content\/uploads\/2026\/09\/lsp_a2d3c488b747c4b8db780753acb7e516_030926-013650-scaled.jpg'><img width=\"150\" height=\"100\" src=\"https:\/\/www.cremeb.org.br\/wp-content\/uploads\/2026\/09\/lsp_a2d3c488b747c4b8db780753acb7e516_030926-013650-150x100.jpg\" class=\"attachment-thumbnail size-thumbnail\" alt=\"\" decoding=\"async\" loading=\"lazy\" srcset=\"https:\/\/www.cremeb.org.br\/wp-content\/uploads\/2026\/09\/lsp_a2d3c488b747c4b8db780753acb7e516_030926-013650-150x100.jpg 150w, https:\/\/www.cremeb.org.br\/wp-content\/uploads\/2026\/09\/lsp_a2d3c488b747c4b8db780753acb7e516_030926-013650-403x268.jpg 403w, https:\/\/www.cremeb.org.br\/wp-content\/uploads\/2026\/09\/lsp_a2d3c488b747c4b8db780753acb7e516_030926-013650-1024x683.jpg 1024w, https:\/\/www.cremeb.org.br\/wp-content\/uploads\/2026\/09\/lsp_a2d3c488b747c4b8db780753acb7e516_030926-013650-768x512.jpg 768w, https:\/\/www.cremeb.org.br\/wp-content\/uploads\/2026\/09\/lsp_a2d3c488b747c4b8db780753acb7e516_030926-013650-1536x1024.jpg 1536w, https:\/\/www.cremeb.org.br\/wp-content\/uploads\/2026\/09\/lsp_a2d3c488b747c4b8db780753acb7e516_030926-013650-2048x1365.jpg 2048w\" sizes=\"(max-width: 150px) 100vw, 150px\" \/><\/a>\n\t\t\t<\/dt><\/dl><dl class='gallery-item'>\n\t\t\t<dt class='gallery-icon landscape'>\n\t\t\t\t<a href='https:\/\/www.cremeb.org.br\/wp-content\/uploads\/2026\/09\/lsp_af76dad0477b0a88581f49c7fd59a6ca_030926-013642-scaled.jpg'><img width=\"150\" height=\"100\" src=\"https:\/\/www.cremeb.org.br\/wp-content\/uploads\/2026\/09\/lsp_af76dad0477b0a88581f49c7fd59a6ca_030926-013642-150x100.jpg\" class=\"attachment-thumbnail size-thumbnail\" alt=\"\" decoding=\"async\" loading=\"lazy\" srcset=\"https:\/\/www.cremeb.org.br\/wp-content\/uploads\/2026\/09\/lsp_af76dad0477b0a88581f49c7fd59a6ca_030926-013642-150x100.jpg 150w, https:\/\/www.cremeb.org.br\/wp-content\/uploads\/2026\/09\/lsp_af76dad0477b0a88581f49c7fd59a6ca_030926-013642-403x268.jpg 403w, https:\/\/www.cremeb.org.br\/wp-content\/uploads\/2026\/09\/lsp_af76dad0477b0a88581f49c7fd59a6ca_030926-013642-1024x683.jpg 1024w, https:\/\/www.cremeb.org.br\/wp-content\/uploads\/2026\/09\/lsp_af76dad0477b0a88581f49c7fd59a6ca_030926-013642-768x512.jpg 768w, https:\/\/www.cremeb.org.br\/wp-content\/uploads\/2026\/09\/lsp_af76dad0477b0a88581f49c7fd59a6ca_030926-013642-1536x1024.jpg 1536w, https:\/\/www.cremeb.org.br\/wp-content\/uploads\/2026\/09\/lsp_af76dad0477b0a88581f49c7fd59a6ca_030926-013642-2048x1365.jpg 2048w\" sizes=\"(max-width: 150px) 100vw, 150px\" \/><\/a>\n\t\t\t<\/dt><\/dl><dl class='gallery-item'>\n\t\t\t<dt class='gallery-icon landscape'>\n\t\t\t\t<a href='https:\/\/www.cremeb.org.br\/wp-content\/uploads\/2026\/09\/lsp_c8b26abd5da6b3457f27b3a62d9e3fbc_030926-115115.jpeg'><img width=\"150\" height=\"100\" src=\"https:\/\/www.cremeb.org.br\/wp-content\/uploads\/2026\/09\/lsp_c8b26abd5da6b3457f27b3a62d9e3fbc_030926-115115-150x100.jpeg\" class=\"attachment-thumbnail size-thumbnail\" alt=\"\" decoding=\"async\" loading=\"lazy\" srcset=\"https:\/\/www.cremeb.org.br\/wp-content\/uploads\/2026\/09\/lsp_c8b26abd5da6b3457f27b3a62d9e3fbc_030926-115115-150x100.jpeg 150w, https:\/\/www.cremeb.org.br\/wp-content\/uploads\/2026\/09\/lsp_c8b26abd5da6b3457f27b3a62d9e3fbc_030926-115115-403x268.jpeg 403w\" sizes=\"(max-width: 150px) 100vw, 150px\" \/><\/a>\n\t\t\t<\/dt><\/dl><br style=\"clear: both\" \/>\n\t\t<\/div>\n\n","protected":false},"excerpt":{"rendered":"<p>A constru\u00e7\u00e3o de solu\u00e7\u00f5es conjuntas para os desafios da sociedade contou, nesta quarta-feira (2), com a colabora\u00e7\u00e3o do Conselho Regional [&hellip;]<\/p>\n","protected":false},"author":22,"featured_media":48374,"comment_status":"open","ping_status":"open","sticky":false,"template":"","format":"standard","meta":{"_expiration-date-status":"","_expiration-date":0,"_expiration-date-type":"","_expiration-date-categories":[],"_expiration-date-options":[]},"categories":[1,28],"tags":[],"acf":[],"_links":{"self":[{"href":"https:\/\/www.cremeb.org.br\/index.php\/wp-json\/wp\/v2\/posts\/48365"}],"collection":[{"href":"https:\/\/www.cremeb.org.br\/index.php\/wp-json\/wp\/v2\/posts"}],"about":[{"href":"https:\/\/www.cremeb.org.br\/index.php\/wp-json\/wp\/v2\/types\/post"}],"author":[{"embeddable":true,"href":"https:\/\/www.cremeb.org.br\/index.php\/wp-json\/wp\/v2\/users\/22"}],"replies":[{"embeddable":true,"href":"https:\/\/www.cremeb.org.br\/index.php\/wp-json\/wp\/v2\/comments?post=48365"}],"version-history":[{"count":2,"href":"https:\/\/www.cremeb.org.br\/index.php\/wp-json\/wp\/v2\/posts\/48365\/revisions"}],"predecessor-version":[{"id":48372,"href":"https:\/\/www.cremeb.org.br\/index.php\/wp-json\/wp\/v2\/posts\/48365\/revisions\/48372"}],"wp:featuredmedia":[{"embeddable":true,"href":"https:\/\/www.cremeb.org.br\/index.php\/wp-json\/wp\/v2\/media\/48374"}],"wp:attachment":[{"href":"https:\/\/www.cremeb.org.br\/index.php\/wp-json\/wp\/v2\/media?parent=48365"}],"wp:term":[{"taxonomy":"category","embeddable":true,"href":"https:\/\/www.cremeb.org.br\/index.php\/wp-json\/wp\/v2\/categories?post=48365"},{"taxonomy":"post_tag","embeddable":true,"href":"https:\/\/www.cremeb.org.br\/index.php\/wp-json\/wp\/v2\/tags?post=48365"}],"curies":[{"name":"wp","href":"https:\/\/api.w.org\/{rel}","templated":true}]}}