{"id":47269,"date":"2026-05-01T19:07:29","date_gmt":"2026-05-01T22:07:29","guid":{"rendered":"https:\/\/www.cremeb.org.br\/?p=47269"},"modified":"2026-05-01T19:08:37","modified_gmt":"2026-05-01T22:08:37","slug":"atrasos-salariais-e-indefinicao-na-gestao-suspendem-emergencia-na-maternidade-de-referencia-em-salvador","status":"publish","type":"post","link":"https:\/\/www.cremeb.org.br\/index.php\/noticias\/atrasos-salariais-e-indefinicao-na-gestao-suspendem-emergencia-na-maternidade-de-referencia-em-salvador\/","title":{"rendered":"Atrasos salariais e indefini\u00e7\u00e3o na gest\u00e3o suspendem emerg\u00eancia na Maternidade de Refer\u00eancia em Salvador"},"content":{"rendered":"<p>Visando apurar den\u00fancias de atraso no pagamento de m\u00e9dicos, o Conselho Regional de Medicina do Estado da Bahia (Cremeb) realizou, na manh\u00e3 desta sexta-feira (1\u00ba), uma fiscaliza\u00e7\u00e3o na Maternidade Professor Jos\u00e9 Maria de Magalh\u00e3es Netto, no bairro do Pau Mi\u00fado, em Salvador. Durante a vistoria, a autarquia constatou que h\u00e1 profissionais sem receber pelos servi\u00e7os prestados desde fevereiro, situa\u00e7\u00e3o que comprometeu a composi\u00e7\u00e3o das escalas, principalmente a de m\u00e9dicos anestesiologistas, e levou \u00e0 suspens\u00e3o, por tempo indeterminado, do atendimento de emerg\u00eancia na noite de quinta-feira (30). Com a medida, cerca de 60 gestantes deixam de ser atendidas diariamente na unidade, o que impacta diretamente ao menos 120 vidas.<\/p>\n<div class=\"wp-block-image\"><a href=\"https:\/\/www.cremeb.org.br\/index.php\/noticias\/atrasos-salariais-e-indefinicao-na-gestao-suspendem-emergencia-na-maternidade-de-referencia-em-salvador\/attachment\/design-sem-nome-15-7\/\" rel=\"attachment wp-att-47270\"><img decoding=\"async\" loading=\"lazy\" class=\"wpa-warning wpa-image-missing-alt size-medium wp-image-47270 aligncenter\" src=\"https:\/\/www.cremeb.org.br\/wp-content\/uploads\/2026\/05\/lsp_9cffba5118d391b5ef752528ab3349c3_010526-095748-403x249.png\" alt=\"\" width=\"403\" height=\"249\" data-warning=\"Texto alternativo ausente\" srcset=\"https:\/\/www.cremeb.org.br\/wp-content\/uploads\/2026\/05\/lsp_9cffba5118d391b5ef752528ab3349c3_010526-095748-403x249.png 403w, https:\/\/www.cremeb.org.br\/wp-content\/uploads\/2026\/05\/lsp_9cffba5118d391b5ef752528ab3349c3_010526-095748-768x475.png 768w, https:\/\/www.cremeb.org.br\/wp-content\/uploads\/2026\/05\/lsp_9cffba5118d391b5ef752528ab3349c3_010526-095748.png 792w\" sizes=\"(max-width: 403px) 100vw, 403px\" \/><\/a><\/div>\n<p>O diretor t\u00e9cnico da Maternidade, Dr. Pedro Paulo Bastos Filho, informou aos conselheiros e ao m\u00e9dico fiscal do Cremeb que o contrato entre a Secretaria de Sa\u00fade do Estado da Bahia (Sesab) e o Instituto de Gest\u00e3o e Humaniza\u00e7\u00e3o (IGH), empresa gestora da unidade, foi encerrado em fevereiro de 2026, passando a operar, desde mar\u00e7o, sob regime indenizat\u00f3rio. \u201cA IGH ganhou a licita\u00e7\u00e3o, mas o processo foi suspenso pelo governador. A empresa entrou na Justi\u00e7a e est\u00e1 operando por meio de uma liminar. Toda essa situa\u00e7\u00e3o est\u00e1 gerando inseguran\u00e7a entre os profissionais, principalmente, quanto \u00e0 regularidade do pagamento\u201d, disse.<\/p>\n<div class=\"wp-block-image\"><a href=\"https:\/\/www.cremeb.org.br\/index.php\/noticias\/atrasos-salariais-e-indefinicao-na-gestao-suspendem-emergencia-na-maternidade-de-referencia-em-salvador\/attachment\/maternidade-de-referencia_01-05-1\/\" rel=\"attachment wp-att-47273\"><img decoding=\"async\" loading=\"lazy\" class=\"wpa-warning wpa-image-missing-alt size-medium wp-image-47273 aligncenter\" src=\"https:\/\/www.cremeb.org.br\/wp-content\/uploads\/2026\/05\/lsp_f3f2fe5ef55333ae2f94492f7691088a_010526-100607-403x268.jpg\" alt=\"\" width=\"403\" height=\"268\" data-warning=\"Texto alternativo ausente\" srcset=\"https:\/\/www.cremeb.org.br\/wp-content\/uploads\/2026\/05\/lsp_f3f2fe5ef55333ae2f94492f7691088a_010526-100607-403x268.jpg 403w, https:\/\/www.cremeb.org.br\/wp-content\/uploads\/2026\/05\/lsp_f3f2fe5ef55333ae2f94492f7691088a_010526-100607-1024x683.jpg 1024w, https:\/\/www.cremeb.org.br\/wp-content\/uploads\/2026\/05\/lsp_f3f2fe5ef55333ae2f94492f7691088a_010526-100607-150x100.jpg 150w, https:\/\/www.cremeb.org.br\/wp-content\/uploads\/2026\/05\/lsp_f3f2fe5ef55333ae2f94492f7691088a_010526-100607-768x512.jpg 768w, https:\/\/www.cremeb.org.br\/wp-content\/uploads\/2026\/05\/lsp_f3f2fe5ef55333ae2f94492f7691088a_010526-100607-1536x1024.jpg 1536w, https:\/\/www.cremeb.org.br\/wp-content\/uploads\/2026\/05\/lsp_f3f2fe5ef55333ae2f94492f7691088a_010526-100607-2048x1365.jpg 2048w\" sizes=\"(max-width: 403px) 100vw, 403px\" \/><\/a><\/div>\n<p>De acordo com o diretor, o \u00faltimo repasse da Sesab ao IGH foi realizado ontem (30), mas correspondeu apenas a 70% do valor referente ao m\u00eas de mar\u00e7o. \u201cDos 301 m\u00e9dicos, 71 ainda n\u00e3o receberam o pagamento de fevereiro. Sou cobrado diariamente pelos colegas, inclusive, hoje recebi uma mensagem \u00e0s 7h, mas a \u00fanica coisa que posso fazer \u00e9 cobrar. Ontem, ap\u00f3s orienta\u00e7\u00e3o de uma conselheira do Cremeb, formalizei dois e-mails solicitando a regulariza\u00e7\u00e3o do pagamento\u201d, declarou. Ele acrescentou que, para garantir a assist\u00eancia aos pacientes que est\u00e3o internados, o IGH tem oferecido pagamento \u00e0 vista do plant\u00e3o para os anestesiologistas, mas ainda enfrenta dificuldades, recorrendo inclusive a profissionais de outros estados.<\/p>\n<div class=\"wp-block-image\"><a href=\"https:\/\/www.cremeb.org.br\/index.php\/noticias\/atrasos-salariais-e-indefinicao-na-gestao-suspendem-emergencia-na-maternidade-de-referencia-em-salvador\/attachment\/maternidade-de-referencia_01-05-2\/\" rel=\"attachment wp-att-47271\"><img decoding=\"async\" loading=\"lazy\" class=\"wpa-warning wpa-image-missing-alt size-medium wp-image-47271 aligncenter\" src=\"https:\/\/www.cremeb.org.br\/wp-content\/uploads\/2026\/05\/lsp_ca07c97b7f362685f9108da129ffa93b_010526-100053-403x268.jpg\" alt=\"\" width=\"403\" height=\"268\" data-warning=\"Texto alternativo ausente\" srcset=\"https:\/\/www.cremeb.org.br\/wp-content\/uploads\/2026\/05\/lsp_ca07c97b7f362685f9108da129ffa93b_010526-100053-403x268.jpg 403w, https:\/\/www.cremeb.org.br\/wp-content\/uploads\/2026\/05\/lsp_ca07c97b7f362685f9108da129ffa93b_010526-100053-1024x683.jpg 1024w, https:\/\/www.cremeb.org.br\/wp-content\/uploads\/2026\/05\/lsp_ca07c97b7f362685f9108da129ffa93b_010526-100053-150x100.jpg 150w, https:\/\/www.cremeb.org.br\/wp-content\/uploads\/2026\/05\/lsp_ca07c97b7f362685f9108da129ffa93b_010526-100053-768x512.jpg 768w, https:\/\/www.cremeb.org.br\/wp-content\/uploads\/2026\/05\/lsp_ca07c97b7f362685f9108da129ffa93b_010526-100053-1536x1024.jpg 1536w, https:\/\/www.cremeb.org.br\/wp-content\/uploads\/2026\/05\/lsp_ca07c97b7f362685f9108da129ffa93b_010526-100053-2048x1365.jpg 2048w\" sizes=\"(max-width: 403px) 100vw, 403px\" \/><\/a><\/div>\n<p>Durante a visita, realizada pelo presidente do Cremeb, conselheiro Ant\u00f4nio Azevedo, pelo diretor do Departamento de Fiscaliza\u00e7\u00e3o, Cons. Raimundo Teixeira, pela conselheira Camila Koch e pelo m\u00e9dico fiscal Rod Maiko, foi constatado que n\u00e3o havia falhas nas escalas de obstetr\u00edcia e neonatologia. \u201cAqui conseguimos cobrir as aus\u00eancias entre n\u00f3s, mas, mesmo com a porta da unidade fechada, o pr\u00e9-parto est\u00e1 lotado e a enfermaria tamb\u00e9m. Isso nos preocupa muito. A gente n\u00e3o fica tranquilo. Somente hoje, j\u00e1 realizamos quatro cesarianas e ainda temos mais sete programadas\u201d, desabafou uma m\u00e9dica obstetra, que preferiu n\u00e3o se identificar.<\/p>\n<p>Segundo a profissional, at\u00e9 o momento, a escala de plant\u00e3o dos m\u00e9dicos anestesiologistas, com dois m\u00e9dicos por turno, est\u00e1 suprindo a demanda dos pacientes internados: \u201cCom preocupa\u00e7\u00e3o, mas est\u00e1, pois hoje, at\u00e9 \u00e0s 10h, havia apenas um profissional. Sem anestesistas, ficaria completamente invi\u00e1vel\u201d. Na ocasi\u00e3o, o diretor t\u00e9cnico informou ainda que a empresa Live Med rescindiu unilateralmente o contrato no \u00faltimo dia 24, comunicando o encerramento das atividades no dia 30 de abril. \u201cDiante disso, o IGH passou a contratar diretamente os anestesiologistas, com pagamento imediato, como forma de garantir a assist\u00eancia m\u00ednima\u201d, explicou Dr. Pedro Bastos.<\/p>\n<div class=\"wp-block-image\" style=\"text-align: left;\">\n<p><a href=\"https:\/\/www.cremeb.org.br\/index.php\/noticias\/atrasos-salariais-e-indefinicao-na-gestao-suspendem-emergencia-na-maternidade-de-referencia-em-salvador\/attachment\/maternidade-de-referencia_01-05-4\/\" rel=\"attachment wp-att-47272\"><img decoding=\"async\" loading=\"lazy\" class=\"wpa-warning wpa-image-missing-alt alignnone size-medium wp-image-47272 aligncenter\" src=\"https:\/\/www.cremeb.org.br\/wp-content\/uploads\/2026\/05\/lsp_bc6288717ddc5109c1a278f60f191ec0_010526-100248-403x268.jpg\" alt=\"\" width=\"403\" height=\"268\" data-warning=\"Texto alternativo ausente\" srcset=\"https:\/\/www.cremeb.org.br\/wp-content\/uploads\/2026\/05\/lsp_bc6288717ddc5109c1a278f60f191ec0_010526-100248-403x268.jpg 403w, https:\/\/www.cremeb.org.br\/wp-content\/uploads\/2026\/05\/lsp_bc6288717ddc5109c1a278f60f191ec0_010526-100248-1024x683.jpg 1024w, https:\/\/www.cremeb.org.br\/wp-content\/uploads\/2026\/05\/lsp_bc6288717ddc5109c1a278f60f191ec0_010526-100248-150x100.jpg 150w, https:\/\/www.cremeb.org.br\/wp-content\/uploads\/2026\/05\/lsp_bc6288717ddc5109c1a278f60f191ec0_010526-100248-768x512.jpg 768w, https:\/\/www.cremeb.org.br\/wp-content\/uploads\/2026\/05\/lsp_bc6288717ddc5109c1a278f60f191ec0_010526-100248-1536x1024.jpg 1536w, https:\/\/www.cremeb.org.br\/wp-content\/uploads\/2026\/05\/lsp_bc6288717ddc5109c1a278f60f191ec0_010526-100248-2048x1365.jpg 2048w\" sizes=\"(max-width: 403px) 100vw, 403px\" \/><\/a><\/p>\n<p>\u201cApesar da suspens\u00e3o dos atendimentos emergenciais, os pacientes internados na Maternidade, muitos em estado grave, est\u00e3o com assist\u00eancia m\u00e9dica garantida, sem comprometimento. Infelizmente, diante do cen\u00e1rio, o diretor t\u00e9cnico foi obrigado a tomar a dif\u00edcil decis\u00e3o de fechar a emerg\u00eancia\u201d, esclareceu o presidente do Cremeb. Dr. Ant\u00f4nio Azevedo disse ainda que o Cremeb est\u00e1 adotando todas as provid\u00eancias cab\u00edveis para restabelecer o pagamento dos honor\u00e1rios m\u00e9dicos e possibilitar a normaliza\u00e7\u00e3o do atendimento pleno na unidade. \u201cEssa indefini\u00e7\u00e3o sobre qual empresa far\u00e1 a gest\u00e3o da maternidade tem gerado inseguran\u00e7a entre os m\u00e9dicos e, consequentemente, impactado a assist\u00eancia \u00e0s gestantes\u201d, concluiu.<\/p>\n<\/div>\n","protected":false},"excerpt":{"rendered":"<p>Visando apurar den\u00fancias de atraso no pagamento de m\u00e9dicos, o Conselho Regional de Medicina do Estado da Bahia (Cremeb) realizou, [&hellip;]<\/p>\n","protected":false},"author":39,"featured_media":47270,"comment_status":"open","ping_status":"open","sticky":false,"template":"","format":"standard","meta":{"_expiration-date-status":"","_expiration-date":0,"_expiration-date-type":"","_expiration-date-categories":[],"_expiration-date-options":[]},"categories":[1,28],"tags":[],"acf":[],"_links":{"self":[{"href":"https:\/\/www.cremeb.org.br\/index.php\/wp-json\/wp\/v2\/posts\/47269"}],"collection":[{"href":"https:\/\/www.cremeb.org.br\/index.php\/wp-json\/wp\/v2\/posts"}],"about":[{"href":"https:\/\/www.cremeb.org.br\/index.php\/wp-json\/wp\/v2\/types\/post"}],"author":[{"embeddable":true,"href":"https:\/\/www.cremeb.org.br\/index.php\/wp-json\/wp\/v2\/users\/39"}],"replies":[{"embeddable":true,"href":"https:\/\/www.cremeb.org.br\/index.php\/wp-json\/wp\/v2\/comments?post=47269"}],"version-history":[{"count":3,"href":"https:\/\/www.cremeb.org.br\/index.php\/wp-json\/wp\/v2\/posts\/47269\/revisions"}],"predecessor-version":[{"id":47276,"href":"https:\/\/www.cremeb.org.br\/index.php\/wp-json\/wp\/v2\/posts\/47269\/revisions\/47276"}],"wp:featuredmedia":[{"embeddable":true,"href":"https:\/\/www.cremeb.org.br\/index.php\/wp-json\/wp\/v2\/media\/47270"}],"wp:attachment":[{"href":"https:\/\/www.cremeb.org.br\/index.php\/wp-json\/wp\/v2\/media?parent=47269"}],"wp:term":[{"taxonomy":"category","embeddable":true,"href":"https:\/\/www.cremeb.org.br\/index.php\/wp-json\/wp\/v2\/categories?post=47269"},{"taxonomy":"post_tag","embeddable":true,"href":"https:\/\/www.cremeb.org.br\/index.php\/wp-json\/wp\/v2\/tags?post=47269"}],"curies":[{"name":"wp","href":"https:\/\/api.w.org\/{rel}","templated":true}]}}