{"id":47232,"date":"2026-04-28T22:07:18","date_gmt":"2026-04-29T01:07:18","guid":{"rendered":"https:\/\/www.cremeb.org.br\/?p=47232"},"modified":"2026-04-28T22:07:18","modified_gmt":"2026-04-29T01:07:18","slug":"medico-neurocirurgiao-silvio-porto-recebe-titulo-de-doutor-honoris-causa-da-uesc","status":"publish","type":"post","link":"https:\/\/www.cremeb.org.br\/index.php\/noticias\/medico-neurocirurgiao-silvio-porto-recebe-titulo-de-doutor-honoris-causa-da-uesc\/","title":{"rendered":"M\u00e9dico neurocirurgi\u00e3o Silvio Porto recebe t\u00edtulo de Doutor Honoris Causa da Uesc"},"content":{"rendered":"<p>Com mais de meio s\u00e9culo dedicado \u00e0 medicina, o m\u00e9dico neurocirurgi\u00e3o e ex-conselheiro do Conselho Regional de Medicina do Estado da Bahia (Cremeb), Silvio Porto de Oliveira, recebeu, nesta ter\u00e7a-feira (28), mais uma homenagem. Desta vez, o reconhecimento veio do Conselho Universit\u00e1rio (Consu) da Universidade Estadual de Santa Cruz (Uesc), que outorgou ao m\u00e9dico itabunense o t\u00edtulo de Doutor Honoris Causa. A honraria, a mais alta distin\u00e7\u00e3o concedida pela Universidade, foi entregue durante as comemora\u00e7\u00f5es dos 52 anos do Campus Professor Soane Nazar\u00e9 de Andrade da Uesc, em Ilh\u00e9us, em solenidade realizada no audit\u00f3rio do Centro de Arte e Cultura.<\/p>\n<div class=\"wp-block-image\"><a href=\"https:\/\/www.cremeb.org.br\/index.php\/noticias\/medico-neurocirurgiao-silvio-porto-recebe-titulo-de-doutor-honoris-causa-da-uesc\/attachment\/silvio-porto_uesc_28-04-26\/\" rel=\"attachment wp-att-47233\"><img decoding=\"async\" loading=\"lazy\" class=\"wpa-warning wpa-image-missing-alt size-full wp-image-47233 aligncenter\" src=\"https:\/\/www.cremeb.org.br\/wp-content\/uploads\/2026\/04\/lsp_87677fb2960221de87712bc48513918f_290426-125336.png\" alt=\"\" width=\"403\" height=\"249\" data-warning=\"Texto alternativo ausente\" \/><\/a><\/div>\n<p>\u201cHoje \u00e9 um dia muito importante na minha vida, por estar aqui nesta universidade de prest\u00edgio nacional e internacional, recebendo esse t\u00edtulo, que \u00e9 o coroamento de uma jornada de trabalho de mais de 50 anos de profiss\u00e3o m\u00e9dica\u201d, disse Dr. Silvio Porto. Ele destacou quais pilares nortearam a sua vida profissional: \u201cEm primeiro lugar, minha fam\u00edlia, meus pais e meus av\u00f3s, que foram a minha primeira universidade. Depois, a medicina&#8230; meus professores e meus colegas. Depois, eu tive a Santa Casa de Miseric\u00f3rdia de Itabuna, o lugar que me abra\u00e7ou, me acolheu e onde trabalho desde os anos 70, ainda como acad\u00eamico de medicina\u201d.<\/p>\n<p>Formado pela Escola Bahiana de Medicina e Sa\u00fade P\u00fablica, na turma de 1974, Dr. Silvio Porto integrou o Cremeb como conselheiro entre 1998 e 2013, ao longo de tr\u00eas gest\u00f5es. Atualmente, \u00e9 membro da C\u00e2mara T\u00e9cnica de Neurologia, Neurofisiologia, Neurocirurgia e Neuropediatria do Conselho. Tamb\u00e9m integra a Academia de Letras de Itabuna (ALITA), onde ocupa a cadeira 28, e \u00e9 presidente da Academia de Medicina de Itabuna (AMEI). Entre suas contribui\u00e7\u00f5es, destacam-se a cria\u00e7\u00e3o do primeiro Servi\u00e7o de Neurocirurgia do interior da Bahia, na Santa Casa de Itabuna, e a implanta\u00e7\u00e3o do primeiro equipamento de tomografia computadorizada fora da capital, tamb\u00e9m na unidade.<\/p>\n<div class=\"wp-block-image\"><a href=\"https:\/\/www.cremeb.org.br\/index.php\/noticias\/medico-neurocirurgiao-silvio-porto-recebe-titulo-de-doutor-honoris-causa-da-uesc\/attachment\/whatsapp-image-2026-04-28-at-14-12-15\/\" rel=\"attachment wp-att-47234\"><img decoding=\"async\" loading=\"lazy\" class=\"wpa-warning wpa-image-missing-alt size-medium wp-image-47234 aligncenter\" src=\"https:\/\/www.cremeb.org.br\/wp-content\/uploads\/2026\/04\/lsp_a47a80bef94e222342096b1fb5150108_290426-125430-201x268.jpeg\" alt=\"\" width=\"201\" height=\"268\" data-warning=\"Texto alternativo ausente\" srcset=\"https:\/\/www.cremeb.org.br\/wp-content\/uploads\/2026\/04\/lsp_a47a80bef94e222342096b1fb5150108_290426-125430-201x268.jpeg 201w, https:\/\/www.cremeb.org.br\/wp-content\/uploads\/2026\/04\/lsp_a47a80bef94e222342096b1fb5150108_290426-125430-768x1024.jpeg 768w, https:\/\/www.cremeb.org.br\/wp-content\/uploads\/2026\/04\/lsp_a47a80bef94e222342096b1fb5150108_290426-125430-1152x1536.jpeg 1152w, https:\/\/www.cremeb.org.br\/wp-content\/uploads\/2026\/04\/lsp_a47a80bef94e222342096b1fb5150108_290426-125430.jpeg 1200w\" sizes=\"(max-width: 201px) 100vw, 201px\" \/><\/a><br \/>\nA conselheira Ros\u00e2ngela Melo, conterr\u00e2nea do homenageado, ressaltou a relev\u00e2ncia da trajet\u00f3ria do m\u00e9dico, marcada por servi\u00e7os prestados \u00e0 popula\u00e7\u00e3o do sul da Bahia e pela atua\u00e7\u00e3o no cooperativismo m\u00e9dico nacional. \u201cT\u00edtulo merecido pela sua excepcional trajet\u00f3ria profissional de presta\u00e7\u00e3o de servi\u00e7os e produ\u00e7\u00e3o de saber. Tive o privil\u00e9gio de participar da solenidade como professora da Universidade, m\u00e9dica da regi\u00e3o e amiga do Dr. Silvio, testemunhando essa honrosa homenagem. Foi uma manh\u00e3 de grandes emo\u00e7\u00f5es, na qual o homenageado fez um discurso inspirado e inspirador\u201d, declarou.<\/div>\n<p>\u201c\u00c9 inspirador ver a Universidade reconhecer uma trajet\u00f3ria t\u00e3o brilhante. Sua lideran\u00e7a na medicina, seu esp\u00edrito empreendedor, sua contribui\u00e7\u00e3o liter\u00e1ria e institucional deixam um legado inestim\u00e1vel para todos n\u00f3s. Uma homenagem \u00e0 altura do grande homem e profissional que voc\u00ea \u00e9. Hoje, a Universidade se curva ao seu vulto, concedendo o Honoris Causa com justi\u00e7a e louvor, pelo mestre, pelo l\u00edder, pelo intelecto culto, que faz do trabalho um ato de amor. Doutor por direito, por obra e por vida, sua trajet\u00f3ria \u00e9 o norte de nossa cidade, uma jornada por poucos e tantos tecida, com a marca da honra e da imortalidade\u201d, declarou a professora e m\u00e9dica M\u00e9rcia Margotto.<\/p>\n<div class=\"wp-block-image\"><a href=\"https:\/\/www.cremeb.org.br\/index.php\/noticias\/medico-neurocirurgiao-silvio-porto-recebe-titulo-de-doutor-honoris-causa-da-uesc\/attachment\/whatsapp-image-2026-04-28-at-14-12-16\/\" rel=\"attachment wp-att-47235\"><img decoding=\"async\" loading=\"lazy\" class=\"wpa-warning wpa-image-missing-alt size-medium wp-image-47235 aligncenter\" src=\"https:\/\/www.cremeb.org.br\/wp-content\/uploads\/2026\/04\/lsp_2333cf879aa43c8ec785ebdd1e2594ed_290426-125507-201x268.jpeg\" alt=\"\" width=\"201\" height=\"268\" data-warning=\"Texto alternativo ausente\" srcset=\"https:\/\/www.cremeb.org.br\/wp-content\/uploads\/2026\/04\/lsp_2333cf879aa43c8ec785ebdd1e2594ed_290426-125507-201x268.jpeg 201w, https:\/\/www.cremeb.org.br\/wp-content\/uploads\/2026\/04\/lsp_2333cf879aa43c8ec785ebdd1e2594ed_290426-125507-768x1024.jpeg 768w, https:\/\/www.cremeb.org.br\/wp-content\/uploads\/2026\/04\/lsp_2333cf879aa43c8ec785ebdd1e2594ed_290426-125507-1152x1536.jpeg 1152w, https:\/\/www.cremeb.org.br\/wp-content\/uploads\/2026\/04\/lsp_2333cf879aa43c8ec785ebdd1e2594ed_290426-125507.jpeg 1200w\" sizes=\"(max-width: 201px) 100vw, 201px\" \/><\/a><\/div>\n<p>Al\u00e9m dele, a Uesc tamb\u00e9m concedeu o t\u00edtulo de Doutor Honoris Causa \u00e0s lideran\u00e7as ind\u00edgenas Maria Valdelice Amaral de Jesus e Maura Rosa Vieira Titiah. J\u00e1 os professores Jos\u00e9 Bites de Carvalho, Evandro Nascimento Silva e Luiz Ot\u00e1vio de Magalh\u00e3es foram agraciados com o t\u00edtulo de Professor Honoris Causa, em reconhecimento \u00e0s contribui\u00e7\u00f5es \u00e0 gest\u00e3o universit\u00e1ria e \u00e0 defesa da educa\u00e7\u00e3o p\u00fablica na Bahia.<\/p>\n","protected":false},"excerpt":{"rendered":"<p>Com mais de meio s\u00e9culo dedicado \u00e0 medicina, o m\u00e9dico neurocirurgi\u00e3o e ex-conselheiro do Conselho Regional de Medicina do Estado [&hellip;]<\/p>\n","protected":false},"author":39,"featured_media":47233,"comment_status":"open","ping_status":"open","sticky":false,"template":"","format":"standard","meta":{"_expiration-date-status":"","_expiration-date":0,"_expiration-date-type":"","_expiration-date-categories":[],"_expiration-date-options":[]},"categories":[1,86],"tags":[],"acf":[],"_links":{"self":[{"href":"https:\/\/www.cremeb.org.br\/index.php\/wp-json\/wp\/v2\/posts\/47232"}],"collection":[{"href":"https:\/\/www.cremeb.org.br\/index.php\/wp-json\/wp\/v2\/posts"}],"about":[{"href":"https:\/\/www.cremeb.org.br\/index.php\/wp-json\/wp\/v2\/types\/post"}],"author":[{"embeddable":true,"href":"https:\/\/www.cremeb.org.br\/index.php\/wp-json\/wp\/v2\/users\/39"}],"replies":[{"embeddable":true,"href":"https:\/\/www.cremeb.org.br\/index.php\/wp-json\/wp\/v2\/comments?post=47232"}],"version-history":[{"count":3,"href":"https:\/\/www.cremeb.org.br\/index.php\/wp-json\/wp\/v2\/posts\/47232\/revisions"}],"predecessor-version":[{"id":47238,"href":"https:\/\/www.cremeb.org.br\/index.php\/wp-json\/wp\/v2\/posts\/47232\/revisions\/47238"}],"wp:featuredmedia":[{"embeddable":true,"href":"https:\/\/www.cremeb.org.br\/index.php\/wp-json\/wp\/v2\/media\/47233"}],"wp:attachment":[{"href":"https:\/\/www.cremeb.org.br\/index.php\/wp-json\/wp\/v2\/media?parent=47232"}],"wp:term":[{"taxonomy":"category","embeddable":true,"href":"https:\/\/www.cremeb.org.br\/index.php\/wp-json\/wp\/v2\/categories?post=47232"},{"taxonomy":"post_tag","embeddable":true,"href":"https:\/\/www.cremeb.org.br\/index.php\/wp-json\/wp\/v2\/tags?post=47232"}],"curies":[{"name":"wp","href":"https:\/\/api.w.org\/{rel}","templated":true}]}}