{"id":47205,"date":"2026-04-27T16:00:47","date_gmt":"2026-04-27T19:00:47","guid":{"rendered":"https:\/\/www.cremeb.org.br\/?p=47205"},"modified":"2026-04-27T21:38:36","modified_gmt":"2026-04-28T00:38:36","slug":"um-seculo-de-historia-medicina-baiana-celebra-os-100-anos-de-geraldo-leite","status":"publish","type":"post","link":"https:\/\/www.cremeb.org.br\/index.php\/noticias\/um-seculo-de-historia-medicina-baiana-celebra-os-100-anos-de-geraldo-leite\/","title":{"rendered":"Um s\u00e9culo de hist\u00f3ria: Medicina baiana celebra os 100 anos de Geraldo Leite"},"content":{"rendered":"<p>A \u00faltima quinta-feira, dia 23, foi de festa para a Medicina baiana e sergipana. O filho de Sergipe, mas tamb\u00e9m cidad\u00e3o baiano, o professor e m\u00e9dico Geraldo Leite, completou 100 anos de vida. Para comemorar, foi celebrada uma missa no p\u00e1tio do Instituto Brasileiro para Investiga\u00e7\u00e3o da Tuberculose (IBIT), unidade da Funda\u00e7\u00e3o Jos\u00e9 Silveira &#8211; fundada pelo mestre Jos\u00e9 Silveira, na qual Dr. Geraldo Leite atua como presidente desde 2010.<\/p>\n<div class=\"wp-block-image\"><a href=\"https:\/\/www.cremeb.org.br\/index.php\/noticias\/um-seculo-de-historia-medicina-baiana-celebra-os-100-anos-de-geraldo-leite\/attachment\/design-sem-nome-11-8\/\" rel=\"attachment wp-att-47206\"><img decoding=\"async\" loading=\"lazy\" class=\"wpa-warning wpa-image-missing-alt size-full wp-image-47206 aligncenter\" src=\"https:\/\/www.cremeb.org.br\/wp-content\/uploads\/2026\/04\/lsp_f2e1d5b6bbce7dc6dbf17f2e79b5bddc_270426-075707.png\" alt=\"\" width=\"403\" height=\"249\" data-warning=\"Texto alternativo ausente\" \/><\/a><\/div>\n<p>Diplomado m\u00e9dico pela Faculdade de Medicina da Bahia (UFBA), na turma de 1950, o professor sergipano da \u00e1rea de Parasitologia acumulou experi\u00eancias profissionais na Bahia que se destacaram ao longo dos anos, principalmente, nas \u00e1reas da Sa\u00fade e da Educa\u00e7\u00e3o. O instinto de lideran\u00e7a era mostrado desde sua vida de estudante, quando fundou uma organiza\u00e7\u00e3o estudantil de grande relev\u00e2ncia, o Gr\u00eamio Cient\u00edfico Oswaldo Cruz.<\/p>\n<p>Entre tantas atividades, Dr. Geraldo Leite atuou como presidente da Associa\u00e7\u00e3o Bahiana de Medicina (ABM) e foi o primeiro reitor da Universidade Estadual de Feira de Santana (UEFS). Al\u00e9m disso, foi eleito diretor da Escola Bahiana de Medicina e Sa\u00fade P\u00fablica por dois mandatos consecutivos, em 1993 e 1997; fundou o Instituto Bahiano de Hist\u00f3ria da Medicina; \u00e9 Membro Em\u00e9rito da Academia de Medicina da Bahia (AMB); atua como membro proeminente do Rotary Club; \u00e9 autor de v\u00e1rios livros e incentivador de diversos programas assistenciais e educacionais no pa\u00eds e no exterior.<\/p>\n<p>\u201cEle se distingui por v\u00e1rias facetas de sua personalidade: inteligente, estudioso, empreendedor, am\u00e1vel, humilde &#8211; raz\u00f5es para ser t\u00e3o querido por todos\u201d, afirmou o conselheiro decano do Cremeb, Dr. Jorge Cerqueira. Para ele, o evento em homenagem ao Dr. Geraldo Leite \u201cfoi a consagra\u00e7\u00e3o de um ser humano especial\u00edssimo, muito respeitado, admirado e amado pelas qualidades que ornam seu extraordin\u00e1rio car\u00e1ter\u201d.<\/p>\n<div class=\"wp-block-image\"><a href=\"https:\/\/www.cremeb.org.br\/index.php\/noticias\/um-seculo-de-historia-medicina-baiana-celebra-os-100-anos-de-geraldo-leite\/attachment\/100-anos-de-geraldo-leite2_27-04-26\/\" rel=\"attachment wp-att-47207\"><img decoding=\"async\" loading=\"lazy\" class=\"wpa-warning wpa-image-missing-alt size-medium wp-image-47207 aligncenter\" src=\"https:\/\/www.cremeb.org.br\/wp-content\/uploads\/2026\/04\/lsp_481fec5ccfe78a62a2f83800e94c8649_270426-081216-179x268.jpeg\" alt=\"\" width=\"179\" height=\"268\" data-warning=\"Texto alternativo ausente\" srcset=\"https:\/\/www.cremeb.org.br\/wp-content\/uploads\/2026\/04\/lsp_481fec5ccfe78a62a2f83800e94c8649_270426-081216-179x268.jpeg 179w, https:\/\/www.cremeb.org.br\/wp-content\/uploads\/2026\/04\/lsp_481fec5ccfe78a62a2f83800e94c8649_270426-081216-682x1024.jpeg 682w, https:\/\/www.cremeb.org.br\/wp-content\/uploads\/2026\/04\/lsp_481fec5ccfe78a62a2f83800e94c8649_270426-081216-768x1152.jpeg 768w, https:\/\/www.cremeb.org.br\/wp-content\/uploads\/2026\/04\/lsp_481fec5ccfe78a62a2f83800e94c8649_270426-081216.jpeg 853w\" sizes=\"(max-width: 179px) 100vw, 179px\" \/><\/a><\/div>\n<p>Al\u00e9m de Dr. Jorge Cerqueira, que tamb\u00e9m \u00e9 secret\u00e1rio geral do Instituto Bahiano de Hist\u00f3ria da Medicina, o conselheiro Jec\u00e9 Brand\u00e3o representou o Cremeb na missa alusiva ao centen\u00e1rio do professor. O subsecret\u00e1rio da Sa\u00fade da Bahia, Dr. Paulo Barbosa; o arquiabade do Mosteiro de S\u00e3o Bento de Salvador, Dom Emanuel d&#8217;Able do Amaral; e o presidente da Associa\u00e7\u00e3o de Ex-Alunos da Faculdade de Medicina da UFBA, Dr. Ant\u00f4nio Natalino Dantas, tamb\u00e9m marcaram presen\u00e7a.<\/p>\n<div class=\"wp-block-image\"><a href=\"https:\/\/www.cremeb.org.br\/index.php\/noticias\/um-seculo-de-historia-medicina-baiana-celebra-os-100-anos-de-geraldo-leite\/attachment\/100-anos-de-geraldo-leite_27-04-26\/\" rel=\"attachment wp-att-47208\"><img decoding=\"async\" loading=\"lazy\" class=\"wpa-warning wpa-image-missing-alt size-medium wp-image-47208 aligncenter\" src=\"https:\/\/www.cremeb.org.br\/wp-content\/uploads\/2026\/04\/lsp_48fbee9eda79427cd51d90c22f525a31_270426-081256-201x268.jpeg\" alt=\"\" width=\"201\" height=\"268\" data-warning=\"Texto alternativo ausente\" srcset=\"https:\/\/www.cremeb.org.br\/wp-content\/uploads\/2026\/04\/lsp_48fbee9eda79427cd51d90c22f525a31_270426-081256-201x268.jpeg 201w, https:\/\/www.cremeb.org.br\/wp-content\/uploads\/2026\/04\/lsp_48fbee9eda79427cd51d90c22f525a31_270426-081256-768x1024.jpeg 768w, https:\/\/www.cremeb.org.br\/wp-content\/uploads\/2026\/04\/lsp_48fbee9eda79427cd51d90c22f525a31_270426-081256-1152x1536.jpeg 1152w, https:\/\/www.cremeb.org.br\/wp-content\/uploads\/2026\/04\/lsp_48fbee9eda79427cd51d90c22f525a31_270426-081256.jpeg 1200w\" sizes=\"(max-width: 201px) 100vw, 201px\" \/><\/a><\/div>\n","protected":false},"excerpt":{"rendered":"<p>A \u00faltima quinta-feira, dia 23, foi de festa para a Medicina baiana e sergipana. O filho de Sergipe, mas tamb\u00e9m [&hellip;]<\/p>\n","protected":false},"author":39,"featured_media":47206,"comment_status":"open","ping_status":"open","sticky":false,"template":"","format":"standard","meta":{"_expiration-date-status":"","_expiration-date":0,"_expiration-date-type":"","_expiration-date-categories":[],"_expiration-date-options":[]},"categories":[1,86],"tags":[],"acf":[],"_links":{"self":[{"href":"https:\/\/www.cremeb.org.br\/index.php\/wp-json\/wp\/v2\/posts\/47205"}],"collection":[{"href":"https:\/\/www.cremeb.org.br\/index.php\/wp-json\/wp\/v2\/posts"}],"about":[{"href":"https:\/\/www.cremeb.org.br\/index.php\/wp-json\/wp\/v2\/types\/post"}],"author":[{"embeddable":true,"href":"https:\/\/www.cremeb.org.br\/index.php\/wp-json\/wp\/v2\/users\/39"}],"replies":[{"embeddable":true,"href":"https:\/\/www.cremeb.org.br\/index.php\/wp-json\/wp\/v2\/comments?post=47205"}],"version-history":[{"count":9,"href":"https:\/\/www.cremeb.org.br\/index.php\/wp-json\/wp\/v2\/posts\/47205\/revisions"}],"predecessor-version":[{"id":47219,"href":"https:\/\/www.cremeb.org.br\/index.php\/wp-json\/wp\/v2\/posts\/47205\/revisions\/47219"}],"wp:featuredmedia":[{"embeddable":true,"href":"https:\/\/www.cremeb.org.br\/index.php\/wp-json\/wp\/v2\/media\/47206"}],"wp:attachment":[{"href":"https:\/\/www.cremeb.org.br\/index.php\/wp-json\/wp\/v2\/media?parent=47205"}],"wp:term":[{"taxonomy":"category","embeddable":true,"href":"https:\/\/www.cremeb.org.br\/index.php\/wp-json\/wp\/v2\/categories?post=47205"},{"taxonomy":"post_tag","embeddable":true,"href":"https:\/\/www.cremeb.org.br\/index.php\/wp-json\/wp\/v2\/tags?post=47205"}],"curies":[{"name":"wp","href":"https:\/\/api.w.org\/{rel}","templated":true}]}}