{"id":47195,"date":"2026-04-27T16:50:12","date_gmt":"2026-04-27T19:50:12","guid":{"rendered":"https:\/\/www.cremeb.org.br\/?p=47195"},"modified":"2026-04-27T16:51:21","modified_gmt":"2026-04-27T19:51:21","slug":"medicos-oftalmologistas-da-bahia-sao-homenageados-em-sessao-solene-na-alba","status":"publish","type":"post","link":"https:\/\/www.cremeb.org.br\/index.php\/noticias\/medicos-oftalmologistas-da-bahia-sao-homenageados-em-sessao-solene-na-alba\/","title":{"rendered":"M\u00e9dicos oftalmologistas da Bahia s\u00e3o homenageados em sess\u00e3o solene na ALBA"},"content":{"rendered":"<p>A atua\u00e7\u00e3o relevante na promo\u00e7\u00e3o da sa\u00fade ocular e na preserva\u00e7\u00e3o da qualidade de vida da popula\u00e7\u00e3o rendeu homenagens aos m\u00e9dicos oftalmologistas da Bahia, na manh\u00e3 desta segunda-feira (27). A iniciativa partiu do deputado Manuel Rocha (UB), que prop\u00f4s uma sess\u00e3o solene na Assembleia Legislativa da Bahia (ALBA), reunindo profissionais, autoridades e representantes da \u00e1rea.<\/p>\n<div class=\"wp-block-image\" style=\"text-align: center;\">\n<p><a href=\"https:\/\/www.cremeb.org.br\/index.php\/noticias\/medicos-oftalmologistas-da-bahia-sao-homenageados-em-sessao-solene-na-alba\/attachment\/sessao-na-alba-para-os-oftalmos_27-04-26\/\" rel=\"attachment wp-att-47199\"><img decoding=\"async\" loading=\"lazy\" class=\"wpa-warning wpa-image-missing-alt alignnone size-medium wp-image-47199\" src=\"https:\/\/www.cremeb.org.br\/wp-content\/uploads\/2026\/04\/lsp_d85a83d42791b3ffa548c5bb5053e15a_270426-074616-403x268.jpeg\" alt=\"\" width=\"403\" height=\"268\" data-warning=\"Texto alternativo ausente\" srcset=\"https:\/\/www.cremeb.org.br\/wp-content\/uploads\/2026\/04\/lsp_d85a83d42791b3ffa548c5bb5053e15a_270426-074616-403x268.jpeg 403w, https:\/\/www.cremeb.org.br\/wp-content\/uploads\/2026\/04\/lsp_d85a83d42791b3ffa548c5bb5053e15a_270426-074616-1024x681.jpeg 1024w, https:\/\/www.cremeb.org.br\/wp-content\/uploads\/2026\/04\/lsp_d85a83d42791b3ffa548c5bb5053e15a_270426-074616-150x100.jpeg 150w, https:\/\/www.cremeb.org.br\/wp-content\/uploads\/2026\/04\/lsp_d85a83d42791b3ffa548c5bb5053e15a_270426-074616-768x511.jpeg 768w, https:\/\/www.cremeb.org.br\/wp-content\/uploads\/2026\/04\/lsp_d85a83d42791b3ffa548c5bb5053e15a_270426-074616-1536x1021.jpeg 1536w, https:\/\/www.cremeb.org.br\/wp-content\/uploads\/2026\/04\/lsp_d85a83d42791b3ffa548c5bb5053e15a_270426-074616.jpeg 1600w\" sizes=\"(max-width: 403px) 100vw, 403px\" \/><\/a><\/p>\n<\/div>\n<p>O Conselho Regional de Medicina do Estado da Bahia (Cremeb) esteve representado pela conselheira Dra. Camila Koch, m\u00e9dica oftalmologista, que destacou a import\u00e2ncia da especialidade e seu impacto direto na vida dos pacientes: \u201cFalar da oftalmologia \u00e9 destacar uma \u00e1rea essencial da medicina, que, al\u00e9m de atuar diretamente na promo\u00e7\u00e3o da sa\u00fade e na preven\u00e7\u00e3o de doen\u00e7as, preserva um dos sentidos mais valiosos do ser humano, que \u00e9 a nossa vis\u00e3o\u201d.<\/p>\n<p>Durante sua participa\u00e7\u00e3o, Dra. Camila ressaltou que o exerc\u00edcio da especialidade vai al\u00e9m dos desafios t\u00e9cnicos. \u201cNa pr\u00e1tica di\u00e1ria, convivemos n\u00e3o apenas com as exig\u00eancias da \u00e1rea, mas com a transforma\u00e7\u00e3o real na vida dos pacientes\u201d, pontuou. A conselheira tamb\u00e9m destacou a atua\u00e7\u00e3o conjunta entre o Cremeb e o Conselho Brasileiro de Oftalmologia (CBO) na defesa do exerc\u00edcio \u00e9tico da Medicina, com \u00eanfase no combate ao exerc\u00edcio ilegal da profiss\u00e3o, como medida essencial para a prote\u00e7\u00e3o da sociedade e a preserva\u00e7\u00e3o da boa pr\u00e1tica m\u00e9dica.<\/p>\n<div class=\"wp-block-image\"><a href=\"https:\/\/www.cremeb.org.br\/index.php\/noticias\/medicos-oftalmologistas-da-bahia-sao-homenageados-em-sessao-solene-na-alba\/attachment\/sessao-na-alba-para-os-oftalmos-3_27-04-26\/\" rel=\"attachment wp-att-47197\"><img decoding=\"async\" loading=\"lazy\" class=\"wpa-warning wpa-image-missing-alt size-medium wp-image-47197 aligncenter\" src=\"https:\/\/www.cremeb.org.br\/wp-content\/uploads\/2026\/04\/lsp_77014a0751d1804a651d75eb3bfeba02_270426-074609-403x268.jpeg\" alt=\"\" width=\"403\" height=\"268\" data-warning=\"Texto alternativo ausente\" srcset=\"https:\/\/www.cremeb.org.br\/wp-content\/uploads\/2026\/04\/lsp_77014a0751d1804a651d75eb3bfeba02_270426-074609-403x268.jpeg 403w, https:\/\/www.cremeb.org.br\/wp-content\/uploads\/2026\/04\/lsp_77014a0751d1804a651d75eb3bfeba02_270426-074609-1024x682.jpeg 1024w, https:\/\/www.cremeb.org.br\/wp-content\/uploads\/2026\/04\/lsp_77014a0751d1804a651d75eb3bfeba02_270426-074609-150x100.jpeg 150w, https:\/\/www.cremeb.org.br\/wp-content\/uploads\/2026\/04\/lsp_77014a0751d1804a651d75eb3bfeba02_270426-074609-768x512.jpeg 768w, https:\/\/www.cremeb.org.br\/wp-content\/uploads\/2026\/04\/lsp_77014a0751d1804a651d75eb3bfeba02_270426-074609-1536x1023.jpeg 1536w, https:\/\/www.cremeb.org.br\/wp-content\/uploads\/2026\/04\/lsp_77014a0751d1804a651d75eb3bfeba02_270426-074609.jpeg 1600w\" sizes=\"(max-width: 403px) 100vw, 403px\" \/><\/a><\/div>\n<p>A sess\u00e3o solene tamb\u00e9m contou com a presen\u00e7a da presidente da Sociedade de Oftalmologia da Bahia, Christine Sampaio Archanjo; do promotor Carlos Cruzu\u00e9 Guanes Gomes, representando o procurador-geral de Justi\u00e7a da Bahia, Pedro Maia Souza Marques; de Silvana Tourinho, representante do corregedor-geral de Justi\u00e7a do Tribunal de Justi\u00e7a da Bahia (TJ-BA), desembargador Salom\u00e3o Rezed\u00e1; e do diretor de Auditoria do Sistema \u00danico de Sa\u00fade da Bahia, Diego Aires de Souza.<\/p>\n<div class=\"wp-block-image\"><a href=\"https:\/\/www.cremeb.org.br\/index.php\/noticias\/medicos-oftalmologistas-da-bahia-sao-homenageados-em-sessao-solene-na-alba\/attachment\/sessao-na-alba-para-os-oftalmos-2_27-04-26\/\" rel=\"attachment wp-att-47198\"><img decoding=\"async\" loading=\"lazy\" class=\"wpa-warning wpa-image-missing-alt alignnone size-medium wp-image-47198 aligncenter\" src=\"https:\/\/www.cremeb.org.br\/wp-content\/uploads\/2026\/04\/lsp_35f8712595d20c9c76a8757cacf4347c_270426-074612-403x268.jpeg\" alt=\"\" width=\"403\" height=\"268\" data-warning=\"Texto alternativo ausente\" srcset=\"https:\/\/www.cremeb.org.br\/wp-content\/uploads\/2026\/04\/lsp_35f8712595d20c9c76a8757cacf4347c_270426-074612-403x268.jpeg 403w, https:\/\/www.cremeb.org.br\/wp-content\/uploads\/2026\/04\/lsp_35f8712595d20c9c76a8757cacf4347c_270426-074612-1024x682.jpeg 1024w, https:\/\/www.cremeb.org.br\/wp-content\/uploads\/2026\/04\/lsp_35f8712595d20c9c76a8757cacf4347c_270426-074612-150x100.jpeg 150w, https:\/\/www.cremeb.org.br\/wp-content\/uploads\/2026\/04\/lsp_35f8712595d20c9c76a8757cacf4347c_270426-074612-768x512.jpeg 768w, https:\/\/www.cremeb.org.br\/wp-content\/uploads\/2026\/04\/lsp_35f8712595d20c9c76a8757cacf4347c_270426-074612-1536x1023.jpeg 1536w, https:\/\/www.cremeb.org.br\/wp-content\/uploads\/2026\/04\/lsp_35f8712595d20c9c76a8757cacf4347c_270426-074612.jpeg 1600w\" sizes=\"(max-width: 403px) 100vw, 403px\" \/><\/a><\/div>\n","protected":false},"excerpt":{"rendered":"<p>A atua\u00e7\u00e3o relevante na promo\u00e7\u00e3o da sa\u00fade ocular e na preserva\u00e7\u00e3o da qualidade de vida da popula\u00e7\u00e3o rendeu homenagens aos [&hellip;]<\/p>\n","protected":false},"author":39,"featured_media":47200,"comment_status":"open","ping_status":"open","sticky":false,"template":"","format":"standard","meta":{"_expiration-date-status":"","_expiration-date":0,"_expiration-date-type":"","_expiration-date-categories":[],"_expiration-date-options":[]},"categories":[1,86],"tags":[],"acf":[],"_links":{"self":[{"href":"https:\/\/www.cremeb.org.br\/index.php\/wp-json\/wp\/v2\/posts\/47195"}],"collection":[{"href":"https:\/\/www.cremeb.org.br\/index.php\/wp-json\/wp\/v2\/posts"}],"about":[{"href":"https:\/\/www.cremeb.org.br\/index.php\/wp-json\/wp\/v2\/types\/post"}],"author":[{"embeddable":true,"href":"https:\/\/www.cremeb.org.br\/index.php\/wp-json\/wp\/v2\/users\/39"}],"replies":[{"embeddable":true,"href":"https:\/\/www.cremeb.org.br\/index.php\/wp-json\/wp\/v2\/comments?post=47195"}],"version-history":[{"count":4,"href":"https:\/\/www.cremeb.org.br\/index.php\/wp-json\/wp\/v2\/posts\/47195\/revisions"}],"predecessor-version":[{"id":47204,"href":"https:\/\/www.cremeb.org.br\/index.php\/wp-json\/wp\/v2\/posts\/47195\/revisions\/47204"}],"wp:featuredmedia":[{"embeddable":true,"href":"https:\/\/www.cremeb.org.br\/index.php\/wp-json\/wp\/v2\/media\/47200"}],"wp:attachment":[{"href":"https:\/\/www.cremeb.org.br\/index.php\/wp-json\/wp\/v2\/media?parent=47195"}],"wp:term":[{"taxonomy":"category","embeddable":true,"href":"https:\/\/www.cremeb.org.br\/index.php\/wp-json\/wp\/v2\/categories?post=47195"},{"taxonomy":"post_tag","embeddable":true,"href":"https:\/\/www.cremeb.org.br\/index.php\/wp-json\/wp\/v2\/tags?post=47195"}],"curies":[{"name":"wp","href":"https:\/\/api.w.org\/{rel}","templated":true}]}}