{"id":46886,"date":"2026-03-18T10:36:50","date_gmt":"2026-03-18T13:36:50","guid":{"rendered":"https:\/\/www.cremeb.org.br\/?p=46886"},"modified":"2026-03-18T10:39:48","modified_gmt":"2026-03-18T13:39:48","slug":"nota-de-pesar-cremeb-informa-falecimento-do-medico-anestesiologista-jonathan-miranda","status":"publish","type":"post","link":"https:\/\/www.cremeb.org.br\/index.php\/obituario\/nota-de-pesar-cremeb-informa-falecimento-do-medico-anestesiologista-jonathan-miranda\/","title":{"rendered":"Nota de pesar: Cremeb informa falecimento do m\u00e9dico anestesiologista Jonathan Miranda"},"content":{"rendered":"<p>O Conselho Regional de Medicina do Estado da Bahia (Cremeb) informa, com pesar, o falecimento do m\u00e9dico Jonathan Miranda, aos 81 anos, na \u00faltima ter\u00e7a-feira (17). Natural de Macau (RN), distrito rio-grandense-do-norte que emancipou-se ao munic\u00edpio de Guamar\u00e9, Dr. Jonathan Miranda formou-se em Medicina na Universidade Federal do Rio Grande do Norte (UFRN) e conquistou notoriedade profissional na especialidade de anestesiologia.<\/p>\n<p>A sua carreira foi marcada pela dedica\u00e7\u00e3o \u00e0 caridade, participando de iniciativas solid\u00e1rias e contribuindo com institui\u00e7\u00f5es de cunho social, atuando, inclusive, ao lado de Irm\u00e3 Dulce. De acordo com a nota de pesar emitida pela C\u00e2mara Municipal de Guamar\u00e9, ele &#8220;fez da medicina n\u00e3o apenas uma profiss\u00e3o, mas uma verdadeira miss\u00e3o de vida&#8221;.<\/p>\n<p>O vel\u00f3rio do m\u00e9dico acontece nesta quarta-feira (18), na Morada Emaus, em Natal (RN), com missa \u00e0s 18 horas e sepultamento \u00e0s 20 horas. Aos amigos, colegas e familiares do m\u00e9dico Jonathan Miranda, o Cremeb expressa o seu pesar e a sua solidariedade.<\/p>\n","protected":false},"excerpt":{"rendered":"<p>O Conselho Regional de Medicina do Estado da Bahia (Cremeb) informa, com pesar, o falecimento do m\u00e9dico Jonathan Miranda, aos [&hellip;]<\/p>\n","protected":false},"author":22,"featured_media":27530,"comment_status":"open","ping_status":"open","sticky":false,"template":"","format":"standard","meta":{"_expiration-date-status":"","_expiration-date":0,"_expiration-date-type":"","_expiration-date-categories":[],"_expiration-date-options":[]},"categories":[67],"tags":[],"acf":[],"_links":{"self":[{"href":"https:\/\/www.cremeb.org.br\/index.php\/wp-json\/wp\/v2\/posts\/46886"}],"collection":[{"href":"https:\/\/www.cremeb.org.br\/index.php\/wp-json\/wp\/v2\/posts"}],"about":[{"href":"https:\/\/www.cremeb.org.br\/index.php\/wp-json\/wp\/v2\/types\/post"}],"author":[{"embeddable":true,"href":"https:\/\/www.cremeb.org.br\/index.php\/wp-json\/wp\/v2\/users\/22"}],"replies":[{"embeddable":true,"href":"https:\/\/www.cremeb.org.br\/index.php\/wp-json\/wp\/v2\/comments?post=46886"}],"version-history":[{"count":3,"href":"https:\/\/www.cremeb.org.br\/index.php\/wp-json\/wp\/v2\/posts\/46886\/revisions"}],"predecessor-version":[{"id":46889,"href":"https:\/\/www.cremeb.org.br\/index.php\/wp-json\/wp\/v2\/posts\/46886\/revisions\/46889"}],"wp:featuredmedia":[{"embeddable":true,"href":"https:\/\/www.cremeb.org.br\/index.php\/wp-json\/wp\/v2\/media\/27530"}],"wp:attachment":[{"href":"https:\/\/www.cremeb.org.br\/index.php\/wp-json\/wp\/v2\/media?parent=46886"}],"wp:term":[{"taxonomy":"category","embeddable":true,"href":"https:\/\/www.cremeb.org.br\/index.php\/wp-json\/wp\/v2\/categories?post=46886"},{"taxonomy":"post_tag","embeddable":true,"href":"https:\/\/www.cremeb.org.br\/index.php\/wp-json\/wp\/v2\/tags?post=46886"}],"curies":[{"name":"wp","href":"https:\/\/api.w.org\/{rel}","templated":true}]}}