{"id":46882,"date":"2026-03-17T16:59:05","date_gmt":"2026-03-17T19:59:05","guid":{"rendered":"https:\/\/www.cremeb.org.br\/?p=46882"},"modified":"2026-03-17T17:18:33","modified_gmt":"2026-03-17T20:18:33","slug":"nota-de-pesar-cremeb-lamenta-o-falecimento-do-medico-heraldo-de-araujo-pessoa","status":"publish","type":"post","link":"https:\/\/www.cremeb.org.br\/index.php\/obituario\/nota-de-pesar-cremeb-lamenta-o-falecimento-do-medico-heraldo-de-araujo-pessoa\/","title":{"rendered":"Nota de pesar: Cremeb lamenta o falecimento do m\u00e9dico Heraldo de Araujo Pessoa"},"content":{"rendered":"<p>\u00c9 com profundo pesar que o Conselho Regional de Medicina do Estado da Bahia (Cremeb) informa o falecimento do m\u00e9dico Heraldo de Araujo Pessoa, aos 94 anos, nesta ter\u00e7a-feira (17). Soteropolitano, Dr. Heraldo Pessoa formou-se m\u00e9dico na Universidade Federal da Bahia (UFBA), na turma de 1955, e desenvolveu sua carreira prestando servi\u00e7os na especialidade de Urologia.<\/p>\n<p>Aos amigos e familiares do m\u00e9dico Heraldo de Araujo Pessoa, o Cremeb expressa o seu pesar a sua solidariedade.<\/p>\n","protected":false},"excerpt":{"rendered":"<p>\u00c9 com profundo pesar que o Conselho Regional de Medicina do Estado da Bahia (Cremeb) informa o falecimento do m\u00e9dico [&hellip;]<\/p>\n","protected":false},"author":22,"featured_media":27530,"comment_status":"open","ping_status":"open","sticky":false,"template":"","format":"standard","meta":{"_expiration-date-status":"","_expiration-date":0,"_expiration-date-type":"","_expiration-date-categories":[],"_expiration-date-options":[]},"categories":[67],"tags":[],"acf":[],"_links":{"self":[{"href":"https:\/\/www.cremeb.org.br\/index.php\/wp-json\/wp\/v2\/posts\/46882"}],"collection":[{"href":"https:\/\/www.cremeb.org.br\/index.php\/wp-json\/wp\/v2\/posts"}],"about":[{"href":"https:\/\/www.cremeb.org.br\/index.php\/wp-json\/wp\/v2\/types\/post"}],"author":[{"embeddable":true,"href":"https:\/\/www.cremeb.org.br\/index.php\/wp-json\/wp\/v2\/users\/22"}],"replies":[{"embeddable":true,"href":"https:\/\/www.cremeb.org.br\/index.php\/wp-json\/wp\/v2\/comments?post=46882"}],"version-history":[{"count":2,"href":"https:\/\/www.cremeb.org.br\/index.php\/wp-json\/wp\/v2\/posts\/46882\/revisions"}],"predecessor-version":[{"id":46884,"href":"https:\/\/www.cremeb.org.br\/index.php\/wp-json\/wp\/v2\/posts\/46882\/revisions\/46884"}],"wp:featuredmedia":[{"embeddable":true,"href":"https:\/\/www.cremeb.org.br\/index.php\/wp-json\/wp\/v2\/media\/27530"}],"wp:attachment":[{"href":"https:\/\/www.cremeb.org.br\/index.php\/wp-json\/wp\/v2\/media?parent=46882"}],"wp:term":[{"taxonomy":"category","embeddable":true,"href":"https:\/\/www.cremeb.org.br\/index.php\/wp-json\/wp\/v2\/categories?post=46882"},{"taxonomy":"post_tag","embeddable":true,"href":"https:\/\/www.cremeb.org.br\/index.php\/wp-json\/wp\/v2\/tags?post=46882"}],"curies":[{"name":"wp","href":"https:\/\/api.w.org\/{rel}","templated":true}]}}