{"id":46878,"date":"2026-03-16T18:27:20","date_gmt":"2026-03-16T21:27:20","guid":{"rendered":"https:\/\/www.cremeb.org.br\/?p=46878"},"modified":"2026-03-16T18:27:20","modified_gmt":"2026-03-16T21:27:20","slug":"nota-de-pesar-cremeb-lamenta-o-falecimento-do-medico-professor-e-ex-conselheiro-bernardo-fernando-viana-pereira","status":"publish","type":"post","link":"https:\/\/www.cremeb.org.br\/index.php\/obituario\/nota-de-pesar-cremeb-lamenta-o-falecimento-do-medico-professor-e-ex-conselheiro-bernardo-fernando-viana-pereira\/","title":{"rendered":"Nota de pesar: Cremeb lamenta o falecimento do m\u00e9dico, professor e ex-conselheiro Bernardo Fernando Viana Pereira"},"content":{"rendered":"<p>\u00c9 com profunda tristeza que o Conselho Regional de Medicina do Estado da Bahia (Cremeb) recebe a not\u00edcia do falecimento do m\u00e9dico, professor e ex-conselheiro Bernardo Fernando Viana Pereira, aos 94 anos, ocorrido no in\u00edcio da tarde desta segunda-feira (16), em Salvador. Natural de Juazeiro, no norte da Bahia, ele formou-se m\u00e9dico na Universidade Federal da Bahia (UFBA), na turma de 1955, dedicando nada menos que 70 anos \u00e0 Medicina, aos seus pacientes e aos seus alunos.<\/p>\n<p>Com uma trajet\u00f3ria profissional extensa, \u00e9 dif\u00edcil elencar as principais atividades do Dr. Bernardo Viana. Na \u00e1rea acad\u00eamica, foi professor adjunto da UFBA, ensinando v\u00e1rias gera\u00e7\u00f5es de m\u00e9dicos. Na gest\u00e3o, ele exerceu o cargo de diretor do Hospital Santa Izabel, onde publicou o livro &#8220;O Hospital Santa Izabel &#8211; Minhas Mem\u00f3rias: 61 Anos de Trabalho e Luta&#8221;, dirigiu o Departamento de Sa\u00fade da Bahia, o Departamento de Doen\u00e7as Degenerativas da Bahia e o Departamento da SUCAM (Minist\u00e9rio da Sa\u00fade), al\u00e9m de ter sido Chefe de Gabinete da Secretaria de Educa\u00e7\u00e3o da Bahia.<\/p>\n<p>Sua contribui\u00e7\u00e3o n\u00e3o parou por a\u00ed. Dr. Bernardo Viana lutou pela medicina baiana e brasileira \u00e0 frente de diversas entidades. Ele foi vice-presidente Nordeste da Associa\u00e7\u00e3o M\u00e9dica Brasileira (AMB) e conselheiro do Cremeb na 10\u00aa Gest\u00e3o (2003-2008). Mas foi na condi\u00e7\u00e3o de conselheiro federal pela Bahia, por duas gest\u00f5es (1984-1989 e 2004-2009), que ele produziu uma das mais importantes obras em defesa da dignidade profissional do m\u00e9dico brasileiro: autor do parecer CFM n\u00ba 27, de 10 de setembro de 1986.<\/p>\n<p>O conselheiro decano do Cremeb, Dr. Jorge Cerqueira, destacou que esse parecer hist\u00f3rico deu origem \u00e0 Resolu\u00e7\u00e3o CFM n\u00ba 1.231\/86, que assegurou o disposto no item VI do Cap\u00edtulo II do C\u00f3digo de \u00c9tica M\u00e9dica, estabelecendo o direito dos m\u00e9dicos brasileiros de internar e assistir seus pacientes em qualquer hospital p\u00fablico ou privado. \u201cBernardo realizou muitas outras contribui\u00e7\u00f5es importantes ao longo de sua trajet\u00f3ria. Cat\u00f3lico praticante, seguia os ensinamentos de amar ao pr\u00f3ximo como a si mesmo, pois estava sempre disposto a ajudar e a educar. Sempre solid\u00e1rio. Muita falta nos far\u00e1 o Bernardo. Que Deus o acolha em Sua Gl\u00f3ria\u201d, declarou.<\/p>\n<p>O presidente do Cremeb, conselheiro Ot\u00e1vio Marambaia, afirmou que o Dr. Bernardo Viana foi um grande m\u00e9dico, um grande gestor e um grande conselheiro. \u201cEle nos ajudou muito nas rotinas e nos trabalhos do CFM. \u00c9 uma perda irrepar\u00e1vel para a medicina da Bahia e do Brasil. \u00c9 com grande pesar que me despe\u00e7o de um grande amigo pessoal, com quem tive a honra de conviver e de compartilhar amizade. Uma pessoa muito digna, muito sincera, muito \u00e9tica e muito leal. Estou extremamente consternado. Que Deus ampare sua fam\u00edlia e o receba em Sua infinita gl\u00f3ria.\u201d<\/p>\n<p>Em 2005, o Cremeb entregou ao m\u00e9dico Bernardo Viana o Diploma de M\u00e9rito \u00c9tico-Profissional, pela dedica\u00e7\u00e3o e zelo demonstrados no exerc\u00edcio ininterrupto da profiss\u00e3o h\u00e1 50 anos. Em 2016, ele foi novamente homenageado pelo Conselho, desta vez com o Diploma Honor\u00edfico, honraria concedida em reconhecimento aos princ\u00edpios \u00e9ticos e aos inestim\u00e1veis servi\u00e7os prestados \u00e0 Medicina e \u00e0 sociedade. \u201cNo momento, sem muitas palavras para definir um homem irretoc\u00e1vel e um exemplo de vida com quem tive o prazer de conviver por longos anos em sua fam\u00edlia. Um momento de dor profunda\u201d, afirmou o ex-conselheiro e genro Ant\u00f4nio Jos\u00e9 D\u00f3rea.<\/p>\n<p><a href=\"https:\/\/www.cremeb.org.br\/wp-content\/uploads\/2026\/03\/lsp_f8183c70f1ae64552a025e6077554252_160326-092645.png\"><img decoding=\"async\" loading=\"lazy\" class=\"size-full wp-image-46880 aligncenter\" src=\"https:\/\/www.cremeb.org.br\/wp-content\/uploads\/2026\/03\/lsp_f8183c70f1ae64552a025e6077554252_160326-092645.png\" alt=\"\" width=\"403\" height=\"249\" \/><\/a><\/p>\n<p>Aos amigos e familiares do m\u00e9dico Bernardo Fernando Viana Pereira, o Cremeb expressa o seu pesar e a sua solidariedade. O vel\u00f3rio ser\u00e1 realizado amanh\u00e3 (17), a partir das 12h, no Cemit\u00e9rio Campo Santo (Federa\u00e7\u00e3o), com cerim\u00f4nia de crema\u00e7\u00e3o prevista para 15h30.<\/p>\n","protected":false},"excerpt":{"rendered":"<p>\u00c9 com profunda tristeza que o Conselho Regional de Medicina do Estado da Bahia (Cremeb) recebe a not\u00edcia do falecimento [&hellip;]<\/p>\n","protected":false},"author":39,"featured_media":27530,"comment_status":"open","ping_status":"open","sticky":false,"template":"","format":"standard","meta":{"_expiration-date-status":"","_expiration-date":0,"_expiration-date-type":"","_expiration-date-categories":[],"_expiration-date-options":[]},"categories":[86,67],"tags":[],"acf":[],"_links":{"self":[{"href":"https:\/\/www.cremeb.org.br\/index.php\/wp-json\/wp\/v2\/posts\/46878"}],"collection":[{"href":"https:\/\/www.cremeb.org.br\/index.php\/wp-json\/wp\/v2\/posts"}],"about":[{"href":"https:\/\/www.cremeb.org.br\/index.php\/wp-json\/wp\/v2\/types\/post"}],"author":[{"embeddable":true,"href":"https:\/\/www.cremeb.org.br\/index.php\/wp-json\/wp\/v2\/users\/39"}],"replies":[{"embeddable":true,"href":"https:\/\/www.cremeb.org.br\/index.php\/wp-json\/wp\/v2\/comments?post=46878"}],"version-history":[{"count":2,"href":"https:\/\/www.cremeb.org.br\/index.php\/wp-json\/wp\/v2\/posts\/46878\/revisions"}],"predecessor-version":[{"id":46881,"href":"https:\/\/www.cremeb.org.br\/index.php\/wp-json\/wp\/v2\/posts\/46878\/revisions\/46881"}],"wp:featuredmedia":[{"embeddable":true,"href":"https:\/\/www.cremeb.org.br\/index.php\/wp-json\/wp\/v2\/media\/27530"}],"wp:attachment":[{"href":"https:\/\/www.cremeb.org.br\/index.php\/wp-json\/wp\/v2\/media?parent=46878"}],"wp:term":[{"taxonomy":"category","embeddable":true,"href":"https:\/\/www.cremeb.org.br\/index.php\/wp-json\/wp\/v2\/categories?post=46878"},{"taxonomy":"post_tag","embeddable":true,"href":"https:\/\/www.cremeb.org.br\/index.php\/wp-json\/wp\/v2\/tags?post=46878"}],"curies":[{"name":"wp","href":"https:\/\/api.w.org\/{rel}","templated":true}]}}