{"id":46873,"date":"2026-03-16T17:04:26","date_gmt":"2026-03-16T20:04:26","guid":{"rendered":"https:\/\/www.cremeb.org.br\/?p=46873"},"modified":"2026-03-16T17:10:44","modified_gmt":"2026-03-16T20:10:44","slug":"conselheiro-do-cremeb-entre-1968-e-1993-dr-waldo-robatto-completa-97-anos-e-segue-colaborando-com-a-medicina","status":"publish","type":"post","link":"https:\/\/www.cremeb.org.br\/index.php\/noticias\/conselheiro-do-cremeb-entre-1968-e-1993-dr-waldo-robatto-completa-97-anos-e-segue-colaborando-com-a-medicina\/","title":{"rendered":"Conselheiro do Cremeb entre 1968 e 1993, Dr. Waldo Robatto completa 97 anos e segue colaborando com a Medicina"},"content":{"rendered":"<p>No \u00faltimo domingo, 15 de mar\u00e7o de 2026, completou 97 anos o m\u00e9dico e professor Dr. Waldo Jos\u00e9 Robatto Campos, considerado pela comunidade m\u00e9dica baiana um dos maiores expoentes da Mastologia. Al\u00e9m da sua trajet\u00f3ria nas salas de aula, consult\u00f3rios e hospitais, colaborou por 25 anos com a \u00e9tica m\u00e9dica enquanto conselheiro do Conselho Regional de Medicina do Estado da Bahia (Cremeb), entre a 3\u00aa e a 7\u00aa gest\u00e3o da autarquia, chegando a ocupar as cadeiras de Tesoureiro e de 2\u00ba Secret\u00e1rio da entidade.<\/p>\n<p>L\u00facido, ativo e eterno dedicado \u00e0 manuten\u00e7\u00e3o da pr\u00e1tica m\u00e9dica de excel\u00eancia, Dr. Waldo Robatto segue escrevendo e publicando artigos esclarecedores sobre a Medicina, em especial sobre temas que envolvem \u00e9tica e bio\u00e9tica. Na Escola Bahiana de Medicina e Sa\u00fade P\u00fablica (EBMSP), onde aposentou-se como professor, foi respons\u00e1vel durante d\u00e9cadas por lecionar conhecimentos sobre Mastologia e Cirurgia Geral a centenas de ent\u00e3o estudantes.<\/p>\n<p>&#8220;Sua vida \u00e9 um belo exemplo de compet\u00eancia e abnega\u00e7\u00e3o a causas nobres, eficiente nos Centros Cir\u00fargicos, no consult\u00f3rio, nas salas de aula e no Tribunal de \u00c9tica M\u00e9dica do Conselho, como dos mais destacados Conselheiros do Cremeb. Por tudo isso e muito mais, saudamos e abra\u00e7amos o Mestre com carinho&#8221;, registrou o conselheiro decano Jorge Cerqueira, amigo do Dr. Waldo Robatto, e que diz se sentir lisonjeado por ter sido aprendiz desta refer\u00eancia nos trabalhos do Conselho.<\/p>\n","protected":false},"excerpt":{"rendered":"<p>No \u00faltimo domingo, 15 de mar\u00e7o de 2026, completou 97 anos o m\u00e9dico e professor Dr. Waldo Jos\u00e9 Robatto Campos, [&hellip;]<\/p>\n","protected":false},"author":22,"featured_media":46877,"comment_status":"open","ping_status":"open","sticky":false,"template":"","format":"standard","meta":{"_expiration-date-status":"","_expiration-date":0,"_expiration-date-type":"","_expiration-date-categories":[],"_expiration-date-options":[]},"categories":[1,28],"tags":[],"acf":[],"_links":{"self":[{"href":"https:\/\/www.cremeb.org.br\/index.php\/wp-json\/wp\/v2\/posts\/46873"}],"collection":[{"href":"https:\/\/www.cremeb.org.br\/index.php\/wp-json\/wp\/v2\/posts"}],"about":[{"href":"https:\/\/www.cremeb.org.br\/index.php\/wp-json\/wp\/v2\/types\/post"}],"author":[{"embeddable":true,"href":"https:\/\/www.cremeb.org.br\/index.php\/wp-json\/wp\/v2\/users\/22"}],"replies":[{"embeddable":true,"href":"https:\/\/www.cremeb.org.br\/index.php\/wp-json\/wp\/v2\/comments?post=46873"}],"version-history":[{"count":2,"href":"https:\/\/www.cremeb.org.br\/index.php\/wp-json\/wp\/v2\/posts\/46873\/revisions"}],"predecessor-version":[{"id":46876,"href":"https:\/\/www.cremeb.org.br\/index.php\/wp-json\/wp\/v2\/posts\/46873\/revisions\/46876"}],"wp:featuredmedia":[{"embeddable":true,"href":"https:\/\/www.cremeb.org.br\/index.php\/wp-json\/wp\/v2\/media\/46877"}],"wp:attachment":[{"href":"https:\/\/www.cremeb.org.br\/index.php\/wp-json\/wp\/v2\/media?parent=46873"}],"wp:term":[{"taxonomy":"category","embeddable":true,"href":"https:\/\/www.cremeb.org.br\/index.php\/wp-json\/wp\/v2\/categories?post=46873"},{"taxonomy":"post_tag","embeddable":true,"href":"https:\/\/www.cremeb.org.br\/index.php\/wp-json\/wp\/v2\/tags?post=46873"}],"curies":[{"name":"wp","href":"https:\/\/api.w.org\/{rel}","templated":true}]}}