{"id":46866,"date":"2026-03-13T18:23:38","date_gmt":"2026-03-13T21:23:38","guid":{"rendered":"https:\/\/www.cremeb.org.br\/?p=46866"},"modified":"2026-04-03T11:12:55","modified_gmt":"2026-04-03T14:12:55","slug":"cremeb-marca-presenca-no-i-encontro-nacional-dos-conselhos-de-medicina-de-2026","status":"publish","type":"post","link":"https:\/\/www.cremeb.org.br\/index.php\/noticias\/cremeb-marca-presenca-no-i-encontro-nacional-dos-conselhos-de-medicina-de-2026\/","title":{"rendered":"Cremeb marca presen\u00e7a no I Encontro Nacional dos Conselhos de Medicina de 2026"},"content":{"rendered":"<p>A sa\u00fade mental do m\u00e9dico, os crit\u00e9rios para reconhecimento de novas terapias em medicina, o prontu\u00e1rio eletr\u00f4nico para m\u00e9dicos pessoa f\u00edsica e o uso da intelig\u00eancia artificial na atividade judicante estiveram entre os temas debatidos na primeira edi\u00e7\u00e3o do Encontro Nacional dos Conselhos de Medicina (ENCM) de 2026. O evento foi realizado nos dias 12 e 13 de mar\u00e7o, em Florian\u00f3polis (SC), e reuniu representantes dos Conselhos de Medicina de todo o pa\u00eds.<\/p>\n<p><a href=\"https:\/\/www.cremeb.org.br\/wp-content\/uploads\/2026\/03\/lsp_18d2119c5583a917659429818bb8557d_160326-012717.png\"><img decoding=\"async\" loading=\"lazy\" class=\"alignnone size-medium wp-image-46868 aligncenter\" src=\"https:\/\/www.cremeb.org.br\/wp-content\/uploads\/2026\/03\/lsp_18d2119c5583a917659429818bb8557d_160326-012717-403x249.png\" alt=\"\" width=\"403\" height=\"249\" srcset=\"https:\/\/www.cremeb.org.br\/wp-content\/uploads\/2026\/03\/lsp_18d2119c5583a917659429818bb8557d_160326-012717-403x249.png 403w, https:\/\/www.cremeb.org.br\/wp-content\/uploads\/2026\/03\/lsp_18d2119c5583a917659429818bb8557d_160326-012717-768x475.png 768w, https:\/\/www.cremeb.org.br\/wp-content\/uploads\/2026\/03\/lsp_18d2119c5583a917659429818bb8557d_160326-012717.png 792w\" sizes=\"(max-width: 403px) 100vw, 403px\" \/><\/a><\/p>\n<p>Voltado \u00e0 troca de experi\u00eancias e ao fortalecimento da atua\u00e7\u00e3o institucional dos Conselhos de Medicina, o encontro contou com a participa\u00e7\u00e3o do presidente do Conselho Regional de Medicina do Estado da Bahia (Cremeb), conselheiro Ot\u00e1vio Marambaia, que apresentou boas pr\u00e1ticas adotadas pelo regional baiano, como a Unidade M\u00f3vel de Atendimento e as a\u00e7\u00f5es do Departamento de Defesa das Prerrogativas do M\u00e9dico.<\/p>\n<p><a href=\"https:\/\/www.cremeb.org.br\/wp-content\/uploads\/2026\/03\/lsp_638a404baa1d6cd03f9b4214fbbf91e1_160326-012517.jpg\"><img decoding=\"async\" loading=\"lazy\" class=\"size-medium wp-image-46867 aligncenter\" src=\"https:\/\/www.cremeb.org.br\/wp-content\/uploads\/2026\/03\/lsp_638a404baa1d6cd03f9b4214fbbf91e1_160326-012517-403x268.jpg\" alt=\"\" width=\"403\" height=\"268\" srcset=\"https:\/\/www.cremeb.org.br\/wp-content\/uploads\/2026\/03\/lsp_638a404baa1d6cd03f9b4214fbbf91e1_160326-012517-403x268.jpg 403w, https:\/\/www.cremeb.org.br\/wp-content\/uploads\/2026\/03\/lsp_638a404baa1d6cd03f9b4214fbbf91e1_160326-012517-1024x683.jpg 1024w, https:\/\/www.cremeb.org.br\/wp-content\/uploads\/2026\/03\/lsp_638a404baa1d6cd03f9b4214fbbf91e1_160326-012517-150x100.jpg 150w, https:\/\/www.cremeb.org.br\/wp-content\/uploads\/2026\/03\/lsp_638a404baa1d6cd03f9b4214fbbf91e1_160326-012517-768x512.jpg 768w, https:\/\/www.cremeb.org.br\/wp-content\/uploads\/2026\/03\/lsp_638a404baa1d6cd03f9b4214fbbf91e1_160326-012517-1536x1024.jpg 1536w, https:\/\/www.cremeb.org.br\/wp-content\/uploads\/2026\/03\/lsp_638a404baa1d6cd03f9b4214fbbf91e1_160326-012517.jpg 2048w\" sizes=\"(max-width: 403px) 100vw, 403px\" \/><\/a><\/p>\n<p>A conselheira federal titular pela Bahia, Ma\u00edra Dantas, contribuiu para o debate nacional ao abordar os limites entre prote\u00e7\u00e3o e paternalismo no cuidado paliativo. J\u00e1 o diretor do Departamento de Fiscaliza\u00e7\u00e3o do Cremeb, Luciano Ferreira, coordenou a mesa sobre coopera\u00e7\u00e3o institucional com a Receita Federal e as Juntas Comerciais, com foco no aprimoramento dos processos de fiscaliza\u00e7\u00e3o.<\/p>\n<p><a href=\"https:\/\/www.cremeb.org.br\/wp-content\/uploads\/2026\/03\/lsp_f3edc3a9f727d7d1e43e690a7716305f_160326-012848.jpeg\"><img decoding=\"async\" loading=\"lazy\" class=\"size-medium wp-image-46869 aligncenter\" src=\"https:\/\/www.cremeb.org.br\/wp-content\/uploads\/2026\/03\/lsp_f3edc3a9f727d7d1e43e690a7716305f_160326-012848-357x268.jpeg\" alt=\"\" width=\"357\" height=\"268\" srcset=\"https:\/\/www.cremeb.org.br\/wp-content\/uploads\/2026\/03\/lsp_f3edc3a9f727d7d1e43e690a7716305f_160326-012848-357x268.jpeg 357w, https:\/\/www.cremeb.org.br\/wp-content\/uploads\/2026\/03\/lsp_f3edc3a9f727d7d1e43e690a7716305f_160326-012848-1024x768.jpeg 1024w, https:\/\/www.cremeb.org.br\/wp-content\/uploads\/2026\/03\/lsp_f3edc3a9f727d7d1e43e690a7716305f_160326-012848-768x576.jpeg 768w, https:\/\/www.cremeb.org.br\/wp-content\/uploads\/2026\/03\/lsp_f3edc3a9f727d7d1e43e690a7716305f_160326-012848.jpeg 1280w\" sizes=\"(max-width: 357px) 100vw, 357px\" \/><\/a><\/p>\n<p>Tamb\u00e9m participaram do encontro os conselheiros Pl\u00ednio Sodr\u00e9 (vice-presidente), Jos\u00e9 Abelardo de Meneses e Raimundo Teixeira (tesoureiro), al\u00e9m do conselheiro federal suplente pela Bahia, Antonio Meira Junior. A coordenadora do Departamento Jur\u00eddico do Cremeb, Daniela Gurgel, esteve presente no Encontro e participou do IV F\u00f3rum sobre o Ato M\u00e9dico do CFM, realizado na \u00faltima quarta-feira (11), tamb\u00e9m na capital catarinense.<\/p>\n<p><a href=\"https:\/\/www.cremeb.org.br\/wp-content\/uploads\/2026\/03\/lsp_fa3ad4ecc060dfb296d783606acb0ffb_160326-012930.jpg\"><img decoding=\"async\" loading=\"lazy\" class=\"size-medium wp-image-46870 aligncenter\" src=\"https:\/\/www.cremeb.org.br\/wp-content\/uploads\/2026\/03\/lsp_fa3ad4ecc060dfb296d783606acb0ffb_160326-012930-403x268.jpg\" alt=\"\" width=\"403\" height=\"268\" srcset=\"https:\/\/www.cremeb.org.br\/wp-content\/uploads\/2026\/03\/lsp_fa3ad4ecc060dfb296d783606acb0ffb_160326-012930-403x268.jpg 403w, https:\/\/www.cremeb.org.br\/wp-content\/uploads\/2026\/03\/lsp_fa3ad4ecc060dfb296d783606acb0ffb_160326-012930-1024x683.jpg 1024w, https:\/\/www.cremeb.org.br\/wp-content\/uploads\/2026\/03\/lsp_fa3ad4ecc060dfb296d783606acb0ffb_160326-012930-150x100.jpg 150w, https:\/\/www.cremeb.org.br\/wp-content\/uploads\/2026\/03\/lsp_fa3ad4ecc060dfb296d783606acb0ffb_160326-012930-768x512.jpg 768w, https:\/\/www.cremeb.org.br\/wp-content\/uploads\/2026\/03\/lsp_fa3ad4ecc060dfb296d783606acb0ffb_160326-012930-1536x1024.jpg 1536w, https:\/\/www.cremeb.org.br\/wp-content\/uploads\/2026\/03\/lsp_fa3ad4ecc060dfb296d783606acb0ffb_160326-012930.jpg 2048w\" sizes=\"(max-width: 403px) 100vw, 403px\" \/><\/a><\/p>\n<p>Tanto o I ENCM de 2026 quanto o F\u00f3rum do Ato M\u00e9dico foram transmitidos ao vivo pelo YouTube do CFM e podem ser acessados na \u00edntegra na plataforma (<a href=\"https:\/\/www.youtube.com\/@medicina_cfm\/featured\">https:\/\/www.youtube.com\/@medicina_cfm\/featured<\/a>).<\/p>\n<p>&nbsp;<\/p>\n<p>&nbsp;<\/p>\n<p>&nbsp;<\/p>\n<p>&nbsp;<\/p>\n","protected":false},"excerpt":{"rendered":"<p>A sa\u00fade mental do m\u00e9dico, os crit\u00e9rios para reconhecimento de novas terapias em medicina, o prontu\u00e1rio eletr\u00f4nico para m\u00e9dicos pessoa [&hellip;]<\/p>\n","protected":false},"author":39,"featured_media":46868,"comment_status":"open","ping_status":"open","sticky":false,"template":"","format":"standard","meta":{"_expiration-date-status":"","_expiration-date":0,"_expiration-date-type":"","_expiration-date-categories":[],"_expiration-date-options":[]},"categories":[1],"tags":[],"acf":[],"_links":{"self":[{"href":"https:\/\/www.cremeb.org.br\/index.php\/wp-json\/wp\/v2\/posts\/46866"}],"collection":[{"href":"https:\/\/www.cremeb.org.br\/index.php\/wp-json\/wp\/v2\/posts"}],"about":[{"href":"https:\/\/www.cremeb.org.br\/index.php\/wp-json\/wp\/v2\/types\/post"}],"author":[{"embeddable":true,"href":"https:\/\/www.cremeb.org.br\/index.php\/wp-json\/wp\/v2\/users\/39"}],"replies":[{"embeddable":true,"href":"https:\/\/www.cremeb.org.br\/index.php\/wp-json\/wp\/v2\/comments?post=46866"}],"version-history":[{"count":1,"href":"https:\/\/www.cremeb.org.br\/index.php\/wp-json\/wp\/v2\/posts\/46866\/revisions"}],"predecessor-version":[{"id":46871,"href":"https:\/\/www.cremeb.org.br\/index.php\/wp-json\/wp\/v2\/posts\/46866\/revisions\/46871"}],"wp:featuredmedia":[{"embeddable":true,"href":"https:\/\/www.cremeb.org.br\/index.php\/wp-json\/wp\/v2\/media\/46868"}],"wp:attachment":[{"href":"https:\/\/www.cremeb.org.br\/index.php\/wp-json\/wp\/v2\/media?parent=46866"}],"wp:term":[{"taxonomy":"category","embeddable":true,"href":"https:\/\/www.cremeb.org.br\/index.php\/wp-json\/wp\/v2\/categories?post=46866"},{"taxonomy":"post_tag","embeddable":true,"href":"https:\/\/www.cremeb.org.br\/index.php\/wp-json\/wp\/v2\/tags?post=46866"}],"curies":[{"name":"wp","href":"https:\/\/api.w.org\/{rel}","templated":true}]}}