{"id":46859,"date":"2026-03-10T20:12:51","date_gmt":"2026-03-10T23:12:51","guid":{"rendered":"https:\/\/www.cremeb.org.br\/?p=46859"},"modified":"2026-03-23T11:53:09","modified_gmt":"2026-03-23T14:53:09","slug":"1o-forum-de-direito-dos-medicos-do-cremeb","status":"publish","type":"post","link":"https:\/\/www.cremeb.org.br\/index.php\/eventos-realizados\/1o-forum-de-direito-dos-medicos-do-cremeb\/","title":{"rendered":"1\u00ba F\u00f3rum de Direitos dos M\u00e9dicos do Cremeb"},"content":{"rendered":"<p>Confira abaixo como foi o I F\u00f3rum de Direitos dos M\u00e9dicos do Cremeb.<\/p>\n<p>&nbsp;<\/p>\n<p><iframe loading=\"lazy\" title=\"1\u00ba F\u00d3RUM DE DIREITOS DOS M\u00c9DICOS:  Prerrogativas e Seguran\u00e7a no Exerc\u00edcio Profissional\" width=\"500\" height=\"281\" src=\"https:\/\/www.youtube.com\/embed\/8zkfMZutphc?feature=oembed\" frameborder=\"0\" allow=\"accelerometer; autoplay; clipboard-write; encrypted-media; gyroscope; picture-in-picture; web-share\" referrerpolicy=\"strict-origin-when-cross-origin\" allowfullscreen><\/iframe><\/p>\n","protected":false},"excerpt":{"rendered":"<p>Confira abaixo como foi o I F\u00f3rum de Direitos dos M\u00e9dicos do Cremeb. &nbsp;<\/p>\n","protected":false},"author":39,"featured_media":46858,"comment_status":"open","ping_status":"open","sticky":false,"template":"","format":"standard","meta":{"_expiration-date-status":"","_expiration-date":0,"_expiration-date-type":"","_expiration-date-categories":[],"_expiration-date-options":[]},"categories":[21],"tags":[],"acf":[],"_links":{"self":[{"href":"https:\/\/www.cremeb.org.br\/index.php\/wp-json\/wp\/v2\/posts\/46859"}],"collection":[{"href":"https:\/\/www.cremeb.org.br\/index.php\/wp-json\/wp\/v2\/posts"}],"about":[{"href":"https:\/\/www.cremeb.org.br\/index.php\/wp-json\/wp\/v2\/types\/post"}],"author":[{"embeddable":true,"href":"https:\/\/www.cremeb.org.br\/index.php\/wp-json\/wp\/v2\/users\/39"}],"replies":[{"embeddable":true,"href":"https:\/\/www.cremeb.org.br\/index.php\/wp-json\/wp\/v2\/comments?post=46859"}],"version-history":[{"count":4,"href":"https:\/\/www.cremeb.org.br\/index.php\/wp-json\/wp\/v2\/posts\/46859\/revisions"}],"predecessor-version":[{"id":46907,"href":"https:\/\/www.cremeb.org.br\/index.php\/wp-json\/wp\/v2\/posts\/46859\/revisions\/46907"}],"wp:featuredmedia":[{"embeddable":true,"href":"https:\/\/www.cremeb.org.br\/index.php\/wp-json\/wp\/v2\/media\/46858"}],"wp:attachment":[{"href":"https:\/\/www.cremeb.org.br\/index.php\/wp-json\/wp\/v2\/media?parent=46859"}],"wp:term":[{"taxonomy":"category","embeddable":true,"href":"https:\/\/www.cremeb.org.br\/index.php\/wp-json\/wp\/v2\/categories?post=46859"},{"taxonomy":"post_tag","embeddable":true,"href":"https:\/\/www.cremeb.org.br\/index.php\/wp-json\/wp\/v2\/tags?post=46859"}],"curies":[{"name":"wp","href":"https:\/\/api.w.org\/{rel}","templated":true}]}}