{"id":46767,"date":"2026-03-02T18:11:49","date_gmt":"2026-03-02T21:11:49","guid":{"rendered":"https:\/\/www.cremeb.org.br\/?p=46767"},"modified":"2026-04-03T11:15:26","modified_gmt":"2026-04-03T14:15:26","slug":"agora-e-oficial-cremeb-ja-funciona-em-sua-nova-sede-a-partir-desta-segunda-feira-2","status":"publish","type":"post","link":"https:\/\/www.cremeb.org.br\/index.php\/noticias\/agora-e-oficial-cremeb-ja-funciona-em-sua-nova-sede-a-partir-desta-segunda-feira-2\/","title":{"rendered":"Agora \u00e9 oficial: Cremeb j\u00e1 funciona em sua nova sede a partir desta segunda-feira (2)"},"content":{"rendered":"<p style=\"text-align: center;\"><img decoding=\"async\" loading=\"lazy\" class=\"alignnone size-medium wp-image-46768\" src=\"https:\/\/www.cremeb.org.br\/wp-content\/uploads\/2026\/03\/lsp_0e42c4f749e7b3dae42471af8a873089_020326-091117-403x249.jpg\" alt=\"\" width=\"403\" height=\"249\" srcset=\"https:\/\/www.cremeb.org.br\/wp-content\/uploads\/2026\/03\/lsp_0e42c4f749e7b3dae42471af8a873089_020326-091117-403x249.jpg 403w, https:\/\/www.cremeb.org.br\/wp-content\/uploads\/2026\/03\/lsp_0e42c4f749e7b3dae42471af8a873089_020326-091117-768x475.jpg 768w, https:\/\/www.cremeb.org.br\/wp-content\/uploads\/2026\/03\/lsp_0e42c4f749e7b3dae42471af8a873089_020326-091117.jpg 792w\" sizes=\"(max-width: 403px) 100vw, 403px\" \/><\/p>\n<p>Agora \u00e9 oficial: o Conselho Regional de Medicina do Estado da Bahia (Cremeb) realiza um novo marco na sua hist\u00f3ria e j\u00e1 funciona em sua nova sede desde segunda-feira, 2 de mar\u00e7o. Todos os servi\u00e7os e atendimentos da autarquia passam a ser realizados em seu novo pr\u00e9dio, localizado na Rua Dr. Jos\u00e9 Peroba, 251, Stiep, em Salvador.<\/p>\n<p>O funcionamento na antiga sede, em Ondina, foi encerrado na \u00faltima sexta-feira, dia 27 de fevereiro, marcando o fim de um ciclo importante e o in\u00edcio de uma fase pautada por mais conforto, modernidade e melhor estrutura de atendimento aos m\u00e9dicos e \u00e0 sociedade.<\/p>\n<p>Com a nova estrutura f\u00edsica, o Conselho d\u00e1 continuidade \u00e0 sua miss\u00e3o de cuidar da boa pr\u00e1tica da medicina, apoiar a classe m\u00e9dica e zelar pela qualidade da assist\u00eancia \u00e0 popula\u00e7\u00e3o. O presidente do Cremeb, conselheiro Ot\u00e1vio Marambaia, destaca que a nova sede refor\u00e7a esse compromisso hist\u00f3rico:<\/p>\n<p>\u201cChegamos a um espa\u00e7o que nos permite aprimorar ainda mais a aten\u00e7\u00e3o que dedicamos aos m\u00e9dicos e \u00e0 sociedade. A nova sede oferece melhores condi\u00e7\u00f5es de atendimento, com mais conforto, acessibilidade e organiza\u00e7\u00e3o. Esse investimento fortalece a capacidade do Cremeb de acompanhar a evolu\u00e7\u00e3o da medicina na Bahia e de seguir cumprindo, com ainda mais efici\u00eancia, sua miss\u00e3o institucional\u201d, afirma Marambaia.<\/p>\n<p>Com a mudan\u00e7a, n\u00e3o houve altera\u00e7\u00e3o nos dias e hor\u00e1rios de atendimento: o Cremeb segue funcionando de segunda a sexta-feira, das 8h \u00e0s 17h. Agora, em um ambiente renovado, o Conselho reafirma seu compromisso com a inova\u00e7\u00e3o, a transpar\u00eancia e a defesa da boa medicina, colocando sua nova sede a servi\u00e7o dos m\u00e9dicos e da sociedade baiana.<\/p>\n<p><strong>Melhorias e benef\u00edcios<\/strong><\/p>\n<p>Projetada para acompanhar o crescimento da medicina na Bahia e as novas demandas da categoria, a nova sede do Cremeb contar\u00e1 com ambientes de atendimento mais amplos e confort\u00e1veis; salas de reuni\u00e3o e espa\u00e7os de conviv\u00eancia pensados para fortalecer o di\u00e1logo com a comunidade m\u00e9dica; estrutura otimizada para eventos, atividades formativas e a\u00e7\u00f5es institucionais; melhor acessibilidade e mobilidade interna, com fluxos mais organizados; localiza\u00e7\u00e3o em regi\u00e3o de f\u00e1cil acesso, com melhor infraestrutura no entorno; amplo estacionamento e muito mais.<\/p>\n<p>A mudan\u00e7a de endere\u00e7o vem acompanhada de novos fluxos de trabalho e maior integra\u00e7\u00e3o entre os setores, o que contribui para um atendimento mais \u00e1gil, organizado e resolutivo, sem perder o car\u00e1ter acolhedor que marca a atua\u00e7\u00e3o do Conselho.<\/p>\n","protected":false},"excerpt":{"rendered":"<p>Agora \u00e9 oficial: o Conselho Regional de Medicina do Estado da Bahia (Cremeb) realiza um novo marco na sua hist\u00f3ria [&hellip;]<\/p>\n","protected":false},"author":22,"featured_media":46768,"comment_status":"open","ping_status":"open","sticky":false,"template":"","format":"standard","meta":{"_expiration-date-status":"","_expiration-date":0,"_expiration-date-type":"","_expiration-date-categories":[],"_expiration-date-options":[]},"categories":[1,52],"tags":[],"acf":[],"_links":{"self":[{"href":"https:\/\/www.cremeb.org.br\/index.php\/wp-json\/wp\/v2\/posts\/46767"}],"collection":[{"href":"https:\/\/www.cremeb.org.br\/index.php\/wp-json\/wp\/v2\/posts"}],"about":[{"href":"https:\/\/www.cremeb.org.br\/index.php\/wp-json\/wp\/v2\/types\/post"}],"author":[{"embeddable":true,"href":"https:\/\/www.cremeb.org.br\/index.php\/wp-json\/wp\/v2\/users\/22"}],"replies":[{"embeddable":true,"href":"https:\/\/www.cremeb.org.br\/index.php\/wp-json\/wp\/v2\/comments?post=46767"}],"version-history":[{"count":3,"href":"https:\/\/www.cremeb.org.br\/index.php\/wp-json\/wp\/v2\/posts\/46767\/revisions"}],"predecessor-version":[{"id":46776,"href":"https:\/\/www.cremeb.org.br\/index.php\/wp-json\/wp\/v2\/posts\/46767\/revisions\/46776"}],"wp:featuredmedia":[{"embeddable":true,"href":"https:\/\/www.cremeb.org.br\/index.php\/wp-json\/wp\/v2\/media\/46768"}],"wp:attachment":[{"href":"https:\/\/www.cremeb.org.br\/index.php\/wp-json\/wp\/v2\/media?parent=46767"}],"wp:term":[{"taxonomy":"category","embeddable":true,"href":"https:\/\/www.cremeb.org.br\/index.php\/wp-json\/wp\/v2\/categories?post=46767"},{"taxonomy":"post_tag","embeddable":true,"href":"https:\/\/www.cremeb.org.br\/index.php\/wp-json\/wp\/v2\/tags?post=46767"}],"curies":[{"name":"wp","href":"https:\/\/api.w.org\/{rel}","templated":true}]}}