{"id":46733,"date":"2026-02-23T14:29:15","date_gmt":"2026-02-23T17:29:15","guid":{"rendered":"https:\/\/www.cremeb.org.br\/?p=46733"},"modified":"2026-02-23T16:06:59","modified_gmt":"2026-02-23T19:06:59","slug":"nota-de-pesar-cremeb-informa-o-falecimento-da-medica-maria-terezinha-perazzo-aos-93-anos","status":"publish","type":"post","link":"https:\/\/www.cremeb.org.br\/index.php\/obituario\/nota-de-pesar-cremeb-informa-o-falecimento-da-medica-maria-terezinha-perazzo-aos-93-anos\/","title":{"rendered":"Nota de pesar: Cremeb informa o falecimento da m\u00e9dica Maria Terezinha Perazzo, aos 93 anos"},"content":{"rendered":"<p>O Conselho Regional de Medicina do Estado da Bahia (Cremeb) informa com profundo pesar o falecimento da m\u00e9dica Maria Terezinha Perazzo Ferreira, aos 93 anos, na manh\u00e3 do \u00faltimo domingo (22), em Salvador. Natural do munic\u00edpio de Len\u00e7\u00f3is (BA), na regi\u00e3o da Chapada Diamantina, Dra. Tereza Perazzo, como gostava de ser chamada, formou-se m\u00e9dica na primeira turma da Escola Bahiana de Medicina e Sa\u00fade P\u00fablica, em 1958, e exercia a especialidade de Cirurgia Geral. Durante a sua carreira, prestou servi\u00e7os em importantes institui\u00e7\u00f5es da capital baiana, como o Hospital Portugu\u00eas, a Maternidade Tsylla Balbino e o extinto Instituto de Aposentadorias e Pens\u00f5es dos Comerci\u00e1rios (IAPC).<\/p>\n<p>Para o m\u00e9dico anestesiologista e amigo de Dra. Tereza Perazzo, Dr. Altamirando Santana, a dedica\u00e7\u00e3o, destreza e compromisso com a medicina fizeram dela um marco para sua gera\u00e7\u00e3o da classe m\u00e9dica. &#8220;M\u00e9dica extremamente qualificada, cirurgi\u00e3 habilidosa, trabalhou no Hospital Portugu\u00eas quando n\u00e3o havia ainda UTI nem atendimento de emerg\u00eancia; era ela atendia as intercorr\u00eancias que aconteciam com os doentes internados. Fazia com extrema dedica\u00e7\u00e3o e exercendo uma medicina de alta qualidade&#8221;, relembrou o colega. &#8220;Pessoa extremamente querida, que est\u00e1 nos nossos cora\u00e7\u00f5es e que sentimos profundamente a sua passagem&#8221;, concluiu Dr. Altamirando.<\/p>\n<p>Aos amigos, colegas e familiares da m\u00e9dica Maria Terezinha Perazzo Ferreira, o Cremeb expressa o seu pesar e a sua solidariedade. O vel\u00f3rio est\u00e1 marcado para ter\u00e7a-feira (24), \u00e0s 14 horas, no Cemit\u00e9rio Campo Santo, em Salvador.<\/p>\n","protected":false},"excerpt":{"rendered":"<p>O Conselho Regional de Medicina do Estado da Bahia (Cremeb) informa com profundo pesar o falecimento da m\u00e9dica Maria Terezinha [&hellip;]<\/p>\n","protected":false},"author":22,"featured_media":27530,"comment_status":"open","ping_status":"open","sticky":false,"template":"","format":"standard","meta":{"_expiration-date-status":"","_expiration-date":0,"_expiration-date-type":"","_expiration-date-categories":[],"_expiration-date-options":[]},"categories":[67],"tags":[],"acf":[],"_links":{"self":[{"href":"https:\/\/www.cremeb.org.br\/index.php\/wp-json\/wp\/v2\/posts\/46733"}],"collection":[{"href":"https:\/\/www.cremeb.org.br\/index.php\/wp-json\/wp\/v2\/posts"}],"about":[{"href":"https:\/\/www.cremeb.org.br\/index.php\/wp-json\/wp\/v2\/types\/post"}],"author":[{"embeddable":true,"href":"https:\/\/www.cremeb.org.br\/index.php\/wp-json\/wp\/v2\/users\/22"}],"replies":[{"embeddable":true,"href":"https:\/\/www.cremeb.org.br\/index.php\/wp-json\/wp\/v2\/comments?post=46733"}],"version-history":[{"count":4,"href":"https:\/\/www.cremeb.org.br\/index.php\/wp-json\/wp\/v2\/posts\/46733\/revisions"}],"predecessor-version":[{"id":46737,"href":"https:\/\/www.cremeb.org.br\/index.php\/wp-json\/wp\/v2\/posts\/46733\/revisions\/46737"}],"wp:featuredmedia":[{"embeddable":true,"href":"https:\/\/www.cremeb.org.br\/index.php\/wp-json\/wp\/v2\/media\/27530"}],"wp:attachment":[{"href":"https:\/\/www.cremeb.org.br\/index.php\/wp-json\/wp\/v2\/media?parent=46733"}],"wp:term":[{"taxonomy":"category","embeddable":true,"href":"https:\/\/www.cremeb.org.br\/index.php\/wp-json\/wp\/v2\/categories?post=46733"},{"taxonomy":"post_tag","embeddable":true,"href":"https:\/\/www.cremeb.org.br\/index.php\/wp-json\/wp\/v2\/tags?post=46733"}],"curies":[{"name":"wp","href":"https:\/\/api.w.org\/{rel}","templated":true}]}}