{"id":46708,"date":"2026-02-13T14:21:36","date_gmt":"2026-02-13T17:21:36","guid":{"rendered":"https:\/\/www.cremeb.org.br\/?p=46708"},"modified":"2026-02-13T14:21:36","modified_gmt":"2026-02-13T17:21:36","slug":"nota-de-pesar-cremeb-lamenta-o-falecimento-do-medico-ielson-sousa-ferreira-junior-em-acidente","status":"publish","type":"post","link":"https:\/\/www.cremeb.org.br\/index.php\/obituario\/nota-de-pesar-cremeb-lamenta-o-falecimento-do-medico-ielson-sousa-ferreira-junior-em-acidente\/","title":{"rendered":"Nota de pesar: Cremeb lamenta o falecimento do m\u00e9dico Ielson Sousa Ferreira J\u00fanior em acidente"},"content":{"rendered":"<p>O Conselho Regional de Medicina do Estado da Bahia (Cremeb) recebe com tristeza a not\u00edcia do falecimento do m\u00e9dico Ielson Sousa Ferreira J\u00fanior, aos 49 anos, v\u00edtima de acidente automobil\u00edstico. Natural de Salvador, ele formou-se em Medicina pela Universidade Federal do Sul da Bahia (UFSB), em outubro do ano passado.<\/p>\n<p>De acordo com a imprensa local, o acidente ocorreu na madrugada desta sexta-feira (13), na BR-101, no trecho entre Itabuna e Eun\u00e1polis, ap\u00f3s a ambul\u00e2ncia em que o m\u00e9dico estava colidir com um caminh\u00e3o. O acidente resultou na morte de mais duas pessoas: uma enfermeira e o acompanhante do paciente que estava sendo transportado.<\/p>\n<p>\u201cA UFSB se solidariza com familiares, amigos, colegas e com todas as pessoas que fizeram parte de sua trajet\u00f3ria acad\u00eamica e profissional. Sua passagem pela Universidade integra a hist\u00f3ria da nossa comunidade. Que as lembran\u00e7as e os v\u00ednculos constru\u00eddos ao longo do caminho possam trazer conforto a todos que sentem sua aus\u00eancia\u201d, disse, em nota, a Universidade.<\/p>\n<p>Aos amigos e familiares do m\u00e9dico Ielson Sousa Ferreira J\u00fanior, o Cremeb expressa seu pesar e sua solidariedade.<\/p>\n","protected":false},"excerpt":{"rendered":"<p>O Conselho Regional de Medicina do Estado da Bahia (Cremeb) recebe com tristeza a not\u00edcia do falecimento do m\u00e9dico Ielson [&hellip;]<\/p>\n","protected":false},"author":39,"featured_media":27530,"comment_status":"open","ping_status":"open","sticky":false,"template":"","format":"standard","meta":{"_expiration-date-status":"","_expiration-date":0,"_expiration-date-type":"","_expiration-date-categories":[],"_expiration-date-options":[]},"categories":[67],"tags":[],"acf":[],"_links":{"self":[{"href":"https:\/\/www.cremeb.org.br\/index.php\/wp-json\/wp\/v2\/posts\/46708"}],"collection":[{"href":"https:\/\/www.cremeb.org.br\/index.php\/wp-json\/wp\/v2\/posts"}],"about":[{"href":"https:\/\/www.cremeb.org.br\/index.php\/wp-json\/wp\/v2\/types\/post"}],"author":[{"embeddable":true,"href":"https:\/\/www.cremeb.org.br\/index.php\/wp-json\/wp\/v2\/users\/39"}],"replies":[{"embeddable":true,"href":"https:\/\/www.cremeb.org.br\/index.php\/wp-json\/wp\/v2\/comments?post=46708"}],"version-history":[{"count":1,"href":"https:\/\/www.cremeb.org.br\/index.php\/wp-json\/wp\/v2\/posts\/46708\/revisions"}],"predecessor-version":[{"id":46709,"href":"https:\/\/www.cremeb.org.br\/index.php\/wp-json\/wp\/v2\/posts\/46708\/revisions\/46709"}],"wp:featuredmedia":[{"embeddable":true,"href":"https:\/\/www.cremeb.org.br\/index.php\/wp-json\/wp\/v2\/media\/27530"}],"wp:attachment":[{"href":"https:\/\/www.cremeb.org.br\/index.php\/wp-json\/wp\/v2\/media?parent=46708"}],"wp:term":[{"taxonomy":"category","embeddable":true,"href":"https:\/\/www.cremeb.org.br\/index.php\/wp-json\/wp\/v2\/categories?post=46708"},{"taxonomy":"post_tag","embeddable":true,"href":"https:\/\/www.cremeb.org.br\/index.php\/wp-json\/wp\/v2\/tags?post=46708"}],"curies":[{"name":"wp","href":"https:\/\/api.w.org\/{rel}","templated":true}]}}