{"id":46700,"date":"2026-02-10T11:39:42","date_gmt":"2026-02-10T14:39:42","guid":{"rendered":"https:\/\/www.cremeb.org.br\/?p=46700"},"modified":"2026-02-10T11:39:42","modified_gmt":"2026-02-10T14:39:42","slug":"nota-de-pesar-cremeb-lamenta-falecimento-do-medico-neurologista-anibal-ferreira","status":"publish","type":"post","link":"https:\/\/www.cremeb.org.br\/index.php\/obituario\/nota-de-pesar-cremeb-lamenta-falecimento-do-medico-neurologista-anibal-ferreira\/","title":{"rendered":"Nota de pesar: Cremeb lamenta falecimento do m\u00e9dico neurologista An\u00edbal Ferreira"},"content":{"rendered":"<p>O Conselho Regional de Medicina do Estado da Bahia (Cremeb) informa, com pesar, o falecimento do m\u00e9dico An\u00edbal Ferreira, aos 78 anos. Natural de Salvador, formou-se em Medicina pela Universidade Federal da Bahia (UFBA), na turma de 1979, e era especialista em Neurologia, com \u00eanfase em Neuropsiquiatria.<\/p>\n<p>De acordo com o ex-conselheiro Iderval Ten\u00f3rio, Dr. An\u00edbal \u2014 a quem ele se refere como \u201co mestre\u201d \u2014 atuou como m\u00e9dico na Funda\u00e7\u00e3o de Sa\u00fade do Estado da Bahia, no Hospital Geral Roberto Santos, no Hospital Geral do Estado e na Prefeitura Municipal de Cama\u00e7ari.<\/p>\n<p>\u201cTrabalhamos juntos no HGE por mais de 15 anos, no mesmo plant\u00e3o. Sempre com um livro, uma caneta e uma prancheta, jamais ouvi dele a frase \u2018n\u00e3o posso\u2019 ou \u2018onde se encontra o paciente?\u2019. Era um ser humano incans\u00e1vel no que fazia, sempre com compet\u00eancia. A popula\u00e7\u00e3o de Salvador, da Bahia, do Brasil e do mundo perdeu uma mente brilhante, e n\u00f3s, da medicina, ficamos de luto. Deixou muitos seguidores\u201d, declarou Dr. Iderval.<\/p>\n<p>Aos familiares, amigos e colegas do m\u00e9dico An\u00edbal Ferreira, o Cremeb expressa seu pesar e sua solidariedade. O sepultamento ser\u00e1 realizado nesta ter\u00e7a-feira (10), \u00e0s 16h, no Cemit\u00e9rio Jardim da Saudade (Brotas).<\/p>\n","protected":false},"excerpt":{"rendered":"<p>O Conselho Regional de Medicina do Estado da Bahia (Cremeb) informa, com pesar, o falecimento do m\u00e9dico An\u00edbal Ferreira, aos [&hellip;]<\/p>\n","protected":false},"author":39,"featured_media":27530,"comment_status":"open","ping_status":"open","sticky":false,"template":"","format":"standard","meta":{"_expiration-date-status":"","_expiration-date":0,"_expiration-date-type":"","_expiration-date-categories":[],"_expiration-date-options":[]},"categories":[67],"tags":[],"acf":[],"_links":{"self":[{"href":"https:\/\/www.cremeb.org.br\/index.php\/wp-json\/wp\/v2\/posts\/46700"}],"collection":[{"href":"https:\/\/www.cremeb.org.br\/index.php\/wp-json\/wp\/v2\/posts"}],"about":[{"href":"https:\/\/www.cremeb.org.br\/index.php\/wp-json\/wp\/v2\/types\/post"}],"author":[{"embeddable":true,"href":"https:\/\/www.cremeb.org.br\/index.php\/wp-json\/wp\/v2\/users\/39"}],"replies":[{"embeddable":true,"href":"https:\/\/www.cremeb.org.br\/index.php\/wp-json\/wp\/v2\/comments?post=46700"}],"version-history":[{"count":1,"href":"https:\/\/www.cremeb.org.br\/index.php\/wp-json\/wp\/v2\/posts\/46700\/revisions"}],"predecessor-version":[{"id":46701,"href":"https:\/\/www.cremeb.org.br\/index.php\/wp-json\/wp\/v2\/posts\/46700\/revisions\/46701"}],"wp:featuredmedia":[{"embeddable":true,"href":"https:\/\/www.cremeb.org.br\/index.php\/wp-json\/wp\/v2\/media\/27530"}],"wp:attachment":[{"href":"https:\/\/www.cremeb.org.br\/index.php\/wp-json\/wp\/v2\/media?parent=46700"}],"wp:term":[{"taxonomy":"category","embeddable":true,"href":"https:\/\/www.cremeb.org.br\/index.php\/wp-json\/wp\/v2\/categories?post=46700"},{"taxonomy":"post_tag","embeddable":true,"href":"https:\/\/www.cremeb.org.br\/index.php\/wp-json\/wp\/v2\/tags?post=46700"}],"curies":[{"name":"wp","href":"https:\/\/api.w.org\/{rel}","templated":true}]}}