{"id":46690,"date":"2026-02-09T09:59:24","date_gmt":"2026-02-09T12:59:24","guid":{"rendered":"https:\/\/www.cremeb.org.br\/?p=46690"},"modified":"2026-02-09T11:37:08","modified_gmt":"2026-02-09T14:37:08","slug":"nota-de-pesar-cremeb-informa-falecimento-da-medica-edith-neves-ferraz-de-carvalho","status":"publish","type":"post","link":"https:\/\/www.cremeb.org.br\/index.php\/obituario\/nota-de-pesar-cremeb-informa-falecimento-da-medica-edith-neves-ferraz-de-carvalho\/","title":{"rendered":"Nota de pesar: Cremeb informa falecimento da m\u00e9dica Edith Neves Ferraz de Carvalho"},"content":{"rendered":"<p>\u00c9 com profundo pesar que o Conselho Regional de Medicina do Estado da Bahia (Cremeb) recebe a not\u00edcia de falecimento da m\u00e9dica Edith Neves Ferraz de Carvalho, na \u00faltima quinta-feira (5), aos 94 anos. Soteropolitana, Dra. Edith de Carvalho formou-se m\u00e9dica na Universidade Federal da Bahia (UFBA), na turma de 1956, assim dedicando mais de 50 anos da sua vida \u00e0 Medicina. Ela exercia a especialidade de Ginecologia e Obstetr\u00edcia, com atua\u00e7\u00e3o sempre marcada pelo carisma, cuidado com a equipe e com os pacientes e respeito pelo exerc\u00edcio \u00e9tico da profiss\u00e3o.<\/p>\n<p>Amigo de Dra. Edith de Carvalho, com quem dividiu o Servi\u00e7o M\u00e9dico da Pol\u00edcia Civil e Divis\u00e3o M\u00e9dica do Detran por dez anos, o conselheiro decano Jorge Cerqueira relembrou as caracter\u00edsticas e virtudes da colega m\u00e9dica. &#8220;Muito querida, respeitada e admirada, Edith era de uma dedica\u00e7\u00e3o extraordin\u00e1ria no desempenho de qualquer miss\u00e3o. Uma &#8220;m\u00e3ezona&#8221; para todas as funcion\u00e1rias, demonstrava coragem e muita firmeza na parte pericial. Mulher de grande valor, Deus certamente est\u00e1 a receb\u00ea-la em sua Gl\u00f3ria&#8221;, registrou o conselheiro.<\/p>\n<p>Aos amigos, colegas e familiares da m\u00e9dica Edith Neves Ferraz de Carvalho, o Cremeb expressa o seu pesar e a sua solidariedade.<\/p>\n","protected":false},"excerpt":{"rendered":"<p>\u00c9 com profundo pesar que o Conselho Regional de Medicina do Estado da Bahia (Cremeb) recebe a not\u00edcia de falecimento [&hellip;]<\/p>\n","protected":false},"author":22,"featured_media":27530,"comment_status":"open","ping_status":"open","sticky":false,"template":"","format":"standard","meta":{"_expiration-date-status":"","_expiration-date":0,"_expiration-date-type":"","_expiration-date-categories":[],"_expiration-date-options":[]},"categories":[67],"tags":[],"acf":[],"_links":{"self":[{"href":"https:\/\/www.cremeb.org.br\/index.php\/wp-json\/wp\/v2\/posts\/46690"}],"collection":[{"href":"https:\/\/www.cremeb.org.br\/index.php\/wp-json\/wp\/v2\/posts"}],"about":[{"href":"https:\/\/www.cremeb.org.br\/index.php\/wp-json\/wp\/v2\/types\/post"}],"author":[{"embeddable":true,"href":"https:\/\/www.cremeb.org.br\/index.php\/wp-json\/wp\/v2\/users\/22"}],"replies":[{"embeddable":true,"href":"https:\/\/www.cremeb.org.br\/index.php\/wp-json\/wp\/v2\/comments?post=46690"}],"version-history":[{"count":1,"href":"https:\/\/www.cremeb.org.br\/index.php\/wp-json\/wp\/v2\/posts\/46690\/revisions"}],"predecessor-version":[{"id":46691,"href":"https:\/\/www.cremeb.org.br\/index.php\/wp-json\/wp\/v2\/posts\/46690\/revisions\/46691"}],"wp:featuredmedia":[{"embeddable":true,"href":"https:\/\/www.cremeb.org.br\/index.php\/wp-json\/wp\/v2\/media\/27530"}],"wp:attachment":[{"href":"https:\/\/www.cremeb.org.br\/index.php\/wp-json\/wp\/v2\/media?parent=46690"}],"wp:term":[{"taxonomy":"category","embeddable":true,"href":"https:\/\/www.cremeb.org.br\/index.php\/wp-json\/wp\/v2\/categories?post=46690"},{"taxonomy":"post_tag","embeddable":true,"href":"https:\/\/www.cremeb.org.br\/index.php\/wp-json\/wp\/v2\/tags?post=46690"}],"curies":[{"name":"wp","href":"https:\/\/api.w.org\/{rel}","templated":true}]}}