{"id":46671,"date":"2026-02-03T18:02:56","date_gmt":"2026-02-03T21:02:56","guid":{"rendered":"https:\/\/www.cremeb.org.br\/?p=46671"},"modified":"2026-02-03T18:02:56","modified_gmt":"2026-02-03T21:02:56","slug":"nota-de-pesar-cremeb-lamenta-falecimento-do-medico-urologista-wagner-coelho-porto","status":"publish","type":"post","link":"https:\/\/www.cremeb.org.br\/index.php\/obituario\/nota-de-pesar-cremeb-lamenta-falecimento-do-medico-urologista-wagner-coelho-porto\/","title":{"rendered":"Nota de pesar: Cremeb lamenta falecimento do m\u00e9dico urologista Wagner Coelho Porto"},"content":{"rendered":"<p>O Conselho Regional de Medicina do Estado da Bahia (Cremeb) manifesta pesar pelo falecimento do m\u00e9dico Wagner Coelho Porto, aos 75 anos, em Salvador. Natural de Te\u00f3filo Otoni (MG), Dr. Waguinho, como era carinhosamente conhecido, graduou-se em Medicina pela Universidade Federal da Bahia, em 1975, e era especialista em urologia.<\/p>\n<p>Embora n\u00e3o fosse baiano, Dr. Wagner Porto construiu grande parte de sua trajet\u00f3ria profissional na cidade de Ilh\u00e9us, onde viveu por muitos anos. No munic\u00edpio, foi s\u00f3cio fundador do Hospital COCI do Malhado, tornando-se refer\u00eancia na \u00e1rea da urologia. O m\u00e9dico urologista tamb\u00e9m atuou como Perito M\u00e9dico-Legista do Departamento de Pol\u00edcia T\u00e9cnica da Bahia (DPT), no Instituto M\u00e9dico Legal Nina Rodrigues e na Coordenadoria Regional de Pol\u00edcia T\u00e9cnica de Ilh\u00e9us.<\/p>\n<p>Na gest\u00e3o p\u00fablica, Dr. Wagner Porto foi Secret\u00e1rio de Sa\u00fade em Ilh\u00e9us e Chefe de Gabinete da Secretaria de Sa\u00fade do Estado da Bahia na gest\u00e3o do Prof. Jos\u00e9 Maria de Magalh\u00e3es Netto. Ele tamb\u00e9m contribuiu com a medicina, como membro da Academia Nacional e Internacional de Urologia.<\/p>\n<p>O conselheiro do Cremeb Jos\u00e9 Abelardo de Meneses disse que Dr. Wagner Porto transbordava alegria, com um bom humor constante. \u201cMuito relacionado, fez in\u00fameros amigos ao longo da vida. Convivi com Wagner em diversos momentos profissionais e pessoais. Estive pr\u00f3ximo no pior momento da sua exist\u00eancia: a perda do seu filho Yuri, m\u00e9dico ainda muito jovem, aos 31 anos. Foram momentos muito dif\u00edceis. Ao lado do irm\u00e3o, H\u00e9lder Coelho Porto, formava uma dupla de urologistas muito competente. Eram irm\u00e3os e amigos muito unidos. Que Wagner encontre a paz celestial\u201d, declarou ele.<\/p>\n<p>Aos familiares, amigos e colegas de profiss\u00e3o do Dr. Wagner Coelho Porto, o Cremeb expressa sua solidariedade e os mais sinceros sentimentos de pesar.<\/p>\n","protected":false},"excerpt":{"rendered":"<p>O Conselho Regional de Medicina do Estado da Bahia (Cremeb) manifesta pesar pelo falecimento do m\u00e9dico Wagner Coelho Porto, aos [&hellip;]<\/p>\n","protected":false},"author":39,"featured_media":27530,"comment_status":"open","ping_status":"open","sticky":false,"template":"","format":"standard","meta":{"_expiration-date-status":"","_expiration-date":0,"_expiration-date-type":"","_expiration-date-categories":[],"_expiration-date-options":[]},"categories":[67],"tags":[],"acf":[],"_links":{"self":[{"href":"https:\/\/www.cremeb.org.br\/index.php\/wp-json\/wp\/v2\/posts\/46671"}],"collection":[{"href":"https:\/\/www.cremeb.org.br\/index.php\/wp-json\/wp\/v2\/posts"}],"about":[{"href":"https:\/\/www.cremeb.org.br\/index.php\/wp-json\/wp\/v2\/types\/post"}],"author":[{"embeddable":true,"href":"https:\/\/www.cremeb.org.br\/index.php\/wp-json\/wp\/v2\/users\/39"}],"replies":[{"embeddable":true,"href":"https:\/\/www.cremeb.org.br\/index.php\/wp-json\/wp\/v2\/comments?post=46671"}],"version-history":[{"count":1,"href":"https:\/\/www.cremeb.org.br\/index.php\/wp-json\/wp\/v2\/posts\/46671\/revisions"}],"predecessor-version":[{"id":46672,"href":"https:\/\/www.cremeb.org.br\/index.php\/wp-json\/wp\/v2\/posts\/46671\/revisions\/46672"}],"wp:featuredmedia":[{"embeddable":true,"href":"https:\/\/www.cremeb.org.br\/index.php\/wp-json\/wp\/v2\/media\/27530"}],"wp:attachment":[{"href":"https:\/\/www.cremeb.org.br\/index.php\/wp-json\/wp\/v2\/media?parent=46671"}],"wp:term":[{"taxonomy":"category","embeddable":true,"href":"https:\/\/www.cremeb.org.br\/index.php\/wp-json\/wp\/v2\/categories?post=46671"},{"taxonomy":"post_tag","embeddable":true,"href":"https:\/\/www.cremeb.org.br\/index.php\/wp-json\/wp\/v2\/tags?post=46671"}],"curies":[{"name":"wp","href":"https:\/\/api.w.org\/{rel}","templated":true}]}}