{"id":46659,"date":"2026-01-26T13:08:29","date_gmt":"2026-01-26T16:08:29","guid":{"rendered":"https:\/\/www.cremeb.org.br\/?p=46659"},"modified":"2026-03-24T18:21:51","modified_gmt":"2026-03-24T21:21:51","slug":"vitoria-da-conquista-recebe-1a-edicao-do-cremeb-presente-em-2026-com-eventos-de-capacitacao-e-inauguracao-de-nova-sede","status":"publish","type":"post","link":"https:\/\/www.cremeb.org.br\/index.php\/noticias\/vitoria-da-conquista-recebe-1a-edicao-do-cremeb-presente-em-2026-com-eventos-de-capacitacao-e-inauguracao-de-nova-sede\/","title":{"rendered":"Vit\u00f3ria da Conquista recebe 1\u00aa edi\u00e7\u00e3o do Cremeb Presente em 2026 com eventos de capacita\u00e7\u00e3o e inaugura\u00e7\u00e3o de nova sede"},"content":{"rendered":"<p>O Cremeb Presente! chega em Vit\u00f3ria da Conquista para realizar a sua primeira edi\u00e7\u00e3o de 2026, nos dias 28 e 29 de janeiro, quarta e quinta-feira, respectivamente. A programa\u00e7\u00e3o que ir\u00e1 promover o di\u00e1logo e a troca com a classe m\u00e9dica da regi\u00e3o sudoeste envolve o F\u00f3rum Regional, a Jornada M\u00e9dico Jovem, inaugura\u00e7\u00e3o da sede regional e o mutir\u00e3o de presta\u00e7\u00e3o de servi\u00e7os aos m\u00e9dicos. As a\u00e7\u00f5es s\u00e3o gratuitas e abertas \u00e0 toda comunidade m\u00e9dica. Inscri\u00e7\u00f5es s\u00e3o necess\u00e1rias somente para os eventos de Educa\u00e7\u00e3o M\u00e9dica Continuada, que s\u00e3o o F\u00f3rum Regional e a Jornada M\u00e9dico Jovem. Acesse os respectivos links na programa\u00e7\u00e3o abaixo e se inscreva.<\/p>\n<p>&nbsp;<\/p>\n<p><strong>QUARTA-FEIRA &#8211; 28 DE JANEIRO<\/strong><\/p>\n<p><strong>19h &#8211;<\/strong> Inaugura\u00e7\u00e3o da Sede da Delegacia Regional do Sudoeste<\/p>\n<p><strong>8h \u00e0s 20h &#8211;<\/strong> Mutir\u00e3o de Servi\u00e7os<\/p>\n<p>&nbsp;<\/p>\n<p><strong>QUINTA-FEIRA &#8211; 29 DE JANEIRO<\/strong><\/p>\n<p><strong>9h \u00e0s 12h &#8211;<\/strong> F\u00f3rum Regional &#8211; Ed. Sudoeste<br \/>\n<a href=\"https:\/\/www.sympla.com.br\/evento\/forum-regional-cremeb-ed-vitoria-da-conquista\/3286356\" target=\"_blank\" rel=\"noopener\">Clique aqui e se inscreva!<\/a><\/p>\n<p><strong>14h \u00e0s 17h<\/strong> &#8211; Jornada M\u00e9dico Jovem &#8211; Forma\u00e7\u00e3o, \u00c9tica e Carreira<br \/>\n<a href=\"https:\/\/www.sympla.com.br\/evento\/jornada-do-medico-jovem-etica-e-carreira-medica\/3285805?_gl=1*5jkhk7*_gcl_au*MTU3NjM2NTc5LjE3NjIxNzcyNzQ.*_ga*MTYxNTgyNzk3MS4xNzYyMTc3Mjc2*_ga_KXH10SQTZF*czE3NjkxNzQzMTMkbzM3JGcxJHQxNzY5MTc0MzI0JGo0OSRsMCRoMjA3NTE3OTAxMA\" target=\"_blank\" rel=\"noopener\">Clique aqui e se inscreva!<\/a><\/p>\n<p><strong>9h \u00e0s 17h &#8211;<\/strong> Mutir\u00e3o de Servi\u00e7os<\/p>\n","protected":false},"excerpt":{"rendered":"<p>O Cremeb Presente! chega em Vit\u00f3ria da Conquista para realizar a sua primeira edi\u00e7\u00e3o de 2026, nos dias 28 e [&hellip;]<\/p>\n","protected":false},"author":22,"featured_media":46660,"comment_status":"open","ping_status":"open","sticky":false,"template":"","format":"standard","meta":{"_expiration-date-status":"","_expiration-date":0,"_expiration-date-type":"","_expiration-date-categories":[],"_expiration-date-options":[]},"categories":[1,86,52],"tags":[],"acf":[],"_links":{"self":[{"href":"https:\/\/www.cremeb.org.br\/index.php\/wp-json\/wp\/v2\/posts\/46659"}],"collection":[{"href":"https:\/\/www.cremeb.org.br\/index.php\/wp-json\/wp\/v2\/posts"}],"about":[{"href":"https:\/\/www.cremeb.org.br\/index.php\/wp-json\/wp\/v2\/types\/post"}],"author":[{"embeddable":true,"href":"https:\/\/www.cremeb.org.br\/index.php\/wp-json\/wp\/v2\/users\/22"}],"replies":[{"embeddable":true,"href":"https:\/\/www.cremeb.org.br\/index.php\/wp-json\/wp\/v2\/comments?post=46659"}],"version-history":[{"count":3,"href":"https:\/\/www.cremeb.org.br\/index.php\/wp-json\/wp\/v2\/posts\/46659\/revisions"}],"predecessor-version":[{"id":46663,"href":"https:\/\/www.cremeb.org.br\/index.php\/wp-json\/wp\/v2\/posts\/46659\/revisions\/46663"}],"wp:featuredmedia":[{"embeddable":true,"href":"https:\/\/www.cremeb.org.br\/index.php\/wp-json\/wp\/v2\/media\/46660"}],"wp:attachment":[{"href":"https:\/\/www.cremeb.org.br\/index.php\/wp-json\/wp\/v2\/media?parent=46659"}],"wp:term":[{"taxonomy":"category","embeddable":true,"href":"https:\/\/www.cremeb.org.br\/index.php\/wp-json\/wp\/v2\/categories?post=46659"},{"taxonomy":"post_tag","embeddable":true,"href":"https:\/\/www.cremeb.org.br\/index.php\/wp-json\/wp\/v2\/tags?post=46659"}],"curies":[{"name":"wp","href":"https:\/\/api.w.org\/{rel}","templated":true}]}}