{"id":46648,"date":"2026-01-17T16:50:08","date_gmt":"2026-01-17T19:50:08","guid":{"rendered":"https:\/\/www.cremeb.org.br\/?p=46648"},"modified":"2026-01-17T21:09:47","modified_gmt":"2026-01-18T00:09:47","slug":"cremeb-lamenta-falecimento-do-medico-e-deputado-estadual-alan-sanches-aos-58-anos","status":"publish","type":"post","link":"https:\/\/www.cremeb.org.br\/index.php\/obituario\/cremeb-lamenta-falecimento-do-medico-e-deputado-estadual-alan-sanches-aos-58-anos\/","title":{"rendered":"Cremeb lamenta falecimento do m\u00e9dico e deputado estadual Alan Sanches, aos 58 anos"},"content":{"rendered":"<p>A classe m\u00e9dica foi surpreendida hoje (17) com o falecimento s\u00fabito do m\u00e9dico baiano e deputado estadual Alan Eduardo Sanches dos Santos, aos 58 anos, na manh\u00e3 deste s\u00e1bado, em Salvador. O Conselho Regional de Medicina do Estado da Bahia (Cremeb) repercute essa not\u00edcia dolorosa, manifestando seu imenso pesar \u00e0 fam\u00edlia, aos amigos e aos colegas. Nascido em Salvador, Dr. Alan Sanches era m\u00e9dico ortopedista, formado pela Escola Bahiana de Medicina e Sa\u00fade P\u00fablica, em 1991.<\/p>\n<p>Desde o in\u00edcio de sua carreira, Dr. Alan Sanches teve a percep\u00e7\u00e3o do papel social da medicina e, ap\u00f3s algum tempo, enveredou pela carreira pol\u00edtica. Segundo o presidente do Cremeb, conselheiro Ot\u00e1vio Marambaia, como parlamentar, ele defendeu pautas ligadas \u00e0 sa\u00fade e esteve sempre dispon\u00edvel ao di\u00e1logo com o Conselho: \u201cEstou tomado de surpresa e consterna\u00e7\u00e3o. Tive contato com ele h\u00e1 72 horas e est\u00e1vamos combinando um novo encontro, o que, infelizmente, n\u00e3o ocorrer\u00e1. O Cremeb se junta a todos neste momento de dor, em solidariedade \u00e0 fam\u00edlia e pede a Deus pelo descanso eterno de sua alma\u201d.<\/p>\n<p>O conselheiro federal suplente pela Bahia e 1\u00ba secret\u00e1rio do Cremeb, Antonio Meira, tamb\u00e9m recebeu com profunda tristeza a not\u00edcia do falecimento do Dr. Alan Sanches. \u201cM\u00e9dico ortopedista, com atua\u00e7\u00e3o relevante na ortopedia baiana, e homem p\u00fablico com destacada trajet\u00f3ria pol\u00edtica, especialmente na \u00e1rea da sa\u00fade. Manifesto minha solidariedade \u00e0 fam\u00edlia, em especial a seus filhos, Duda Sanches e L\u00e9o Sanches \u2014 este, colega m\u00e9dico cardiologista \u2014, assim como aos amigos, colegas e a toda a equipe que trabalhou ao seu lado, desejando for\u00e7a e conforto neste momento de dor\u201d, disse.<\/p>\n<p>O conselheiro Jorge Cerqueira afirmou que o m\u00e9dico e deputado, seja como ortopedista, seja como presidente da C\u00e2mara de Vereadores, seja como deputado e presidente da Comiss\u00e3o de Sa\u00fade da Assembleia Legislativa, sempre lhe causou boa impress\u00e3o: \u201cDemonstrava-se muito preocupado com as quest\u00f5es de sa\u00fade p\u00fablica e interessado nos interesses dos m\u00e9dicos. Por esses motivos, eu gostava dele e tomei um grande choque ao receber esta not\u00edcia&#8221;.<\/p>\n<p>De acordo com informa\u00e7\u00f5es publicadas no site da Assembleia Legislativa da Bahia, \u201co vel\u00f3rio ser\u00e1 no Sal\u00e3o Nobre da Assembleia disponibilizado para a fam\u00edlia pela deputada Ivana Bastos. O local do sepultamento ser\u00e1 no Cemit\u00e9rio Jardim da Saudade, no Bairro de Brotas, neste domingo em hor\u00e1rio ainda a ser confirmado. Amanh\u00e3, \u00e0s 9h ser\u00e1 celebrada uma missa na Assembleia Legislativa da Bahia, em mem\u00f3ria do deputado Alan Sanches.\u201d<\/p>\n","protected":false},"excerpt":{"rendered":"<p>A classe m\u00e9dica foi surpreendida hoje (17) com o falecimento s\u00fabito do m\u00e9dico baiano e deputado estadual Alan Eduardo Sanches [&hellip;]<\/p>\n","protected":false},"author":39,"featured_media":27530,"comment_status":"open","ping_status":"open","sticky":false,"template":"","format":"standard","meta":{"_expiration-date-status":"","_expiration-date":0,"_expiration-date-type":"","_expiration-date-categories":[],"_expiration-date-options":[]},"categories":[67],"tags":[],"acf":[],"_links":{"self":[{"href":"https:\/\/www.cremeb.org.br\/index.php\/wp-json\/wp\/v2\/posts\/46648"}],"collection":[{"href":"https:\/\/www.cremeb.org.br\/index.php\/wp-json\/wp\/v2\/posts"}],"about":[{"href":"https:\/\/www.cremeb.org.br\/index.php\/wp-json\/wp\/v2\/types\/post"}],"author":[{"embeddable":true,"href":"https:\/\/www.cremeb.org.br\/index.php\/wp-json\/wp\/v2\/users\/39"}],"replies":[{"embeddable":true,"href":"https:\/\/www.cremeb.org.br\/index.php\/wp-json\/wp\/v2\/comments?post=46648"}],"version-history":[{"count":5,"href":"https:\/\/www.cremeb.org.br\/index.php\/wp-json\/wp\/v2\/posts\/46648\/revisions"}],"predecessor-version":[{"id":46653,"href":"https:\/\/www.cremeb.org.br\/index.php\/wp-json\/wp\/v2\/posts\/46648\/revisions\/46653"}],"wp:featuredmedia":[{"embeddable":true,"href":"https:\/\/www.cremeb.org.br\/index.php\/wp-json\/wp\/v2\/media\/27530"}],"wp:attachment":[{"href":"https:\/\/www.cremeb.org.br\/index.php\/wp-json\/wp\/v2\/media?parent=46648"}],"wp:term":[{"taxonomy":"category","embeddable":true,"href":"https:\/\/www.cremeb.org.br\/index.php\/wp-json\/wp\/v2\/categories?post=46648"},{"taxonomy":"post_tag","embeddable":true,"href":"https:\/\/www.cremeb.org.br\/index.php\/wp-json\/wp\/v2\/tags?post=46648"}],"curies":[{"name":"wp","href":"https:\/\/api.w.org\/{rel}","templated":true}]}}