{"id":46557,"date":"2025-12-17T12:16:12","date_gmt":"2025-12-17T15:16:12","guid":{"rendered":"https:\/\/www.cremeb.org.br\/?p=46557"},"modified":"2026-04-06T09:44:15","modified_gmt":"2026-04-06T12:44:15","slug":"inscricoes-abertas-cremeb-realiza-chamamento-publico-para-defensores-dativos-atuarem-em-processos-eticos-e-procedimentos-administrativos-2","status":"publish","type":"post","link":"https:\/\/www.cremeb.org.br\/index.php\/noticias\/inscricoes-abertas-cremeb-realiza-chamamento-publico-para-defensores-dativos-atuarem-em-processos-eticos-e-procedimentos-administrativos-2\/","title":{"rendered":"Inscri\u00e7\u00f5es abertas: Cremeb realiza chamamento p\u00fablico para defensores dativos atuarem em processos \u00e9ticos e procedimentos administrativos"},"content":{"rendered":"<p style=\"text-align: center;\"><img decoding=\"async\" loading=\"lazy\" class=\"alignnone size-medium wp-image-46560\" src=\"https:\/\/www.cremeb.org.br\/wp-content\/uploads\/2025\/12\/lsp_27929ebdd2e36412444a30dced844286_171225-031333-403x249.jpeg\" alt=\"\" width=\"403\" height=\"249\" srcset=\"https:\/\/www.cremeb.org.br\/wp-content\/uploads\/2025\/12\/lsp_27929ebdd2e36412444a30dced844286_171225-031333-403x249.jpeg 403w, https:\/\/www.cremeb.org.br\/wp-content\/uploads\/2025\/12\/lsp_27929ebdd2e36412444a30dced844286_171225-031333-768x475.jpeg 768w, https:\/\/www.cremeb.org.br\/wp-content\/uploads\/2025\/12\/lsp_27929ebdd2e36412444a30dced844286_171225-031333.jpeg 792w\" sizes=\"(max-width: 403px) 100vw, 403px\" \/><\/p>\n<p>O Conselho Regional de Medicina do Estado da Bahia (Cremeb) publicou, na \u00faltima sexta-feira (12), a reabertura do Chamamento P\u00fablico que ir\u00e1 selecionar e credenciar advogados(as) habilitados(as) para atua\u00e7\u00e3o como defensores dativos, com a finalidade de prestar assist\u00eancia jur\u00eddica a m\u00e9dicos regularmente inscritos na autarquia. Para participa\u00e7\u00e3o, o(a) interessado(a) dever\u00e1 encaminhar o requerimento de inscri\u00e7\u00e3o para o endere\u00e7o eletr\u00f4nico decomp@cremeb.org.br, at\u00e9 o dia 25 de fevereiro de 2026, de acordo com as orienta\u00e7\u00f5es registradas no Edital de Credenciamento.<\/p>\n<p><a href=\"https:\/\/sistemas.cfm.org.br\/licitacao\/arquivos\/CRMBA\/2025\/ata_4787-29-0-1.pdf\" target=\"_blank\" rel=\"noopener\">Clique aqui e acesse o documento na \u00edntegra.<\/a><\/p>\n<p>Al\u00e9m de ser bacharel em Direito e possuir registro ativo na Ordem dos Advogados do Brasil (OAB), os interessados devem ter no m\u00ednimo 5 anos de exerc\u00edcio da profiss\u00e3o; ser brasileiro ou naturalizado; estar em pleno gozo dos direitos pol\u00edticos; n\u00e3o possuir penalidade disciplinar imposta pela OAB, assim como estar regular e quite com as anuidades, e apresentar certid\u00f5es de nada consta das distribui\u00e7\u00f5es c\u00edveis e criminais das Justi\u00e7as Estadual e Federal da localidade onde o candidato reside ou residiu nos \u00faltimos 5 anos.<\/p>\n<p>Os interessados tamb\u00e9m n\u00e3o podem possuir v\u00ednculo empregat\u00edcio ou prestar servi\u00e7os, direta ou indiretamente, ao Cremeb e n\u00e3o podem ser parente de at\u00e9 terceiro grau em linha reta ou colateral de empregado ou conselheiro do Conselho.<\/p>\n<p>Todas as informa\u00e7\u00f5es acerca do Chamamento P\u00fablico est\u00e3o registradas no Edital de Credenciamento 25.2025. <a href=\"https:\/\/sistemas.cfm.org.br\/licitacao\/arquivos\/CRMBA\/2025\/ata_4787-29-0-1.pdf\" target=\"_blank\" rel=\"noopener\">Clique aqui e acesse<\/a>.<\/p>\n","protected":false},"excerpt":{"rendered":"<p>O Conselho Regional de Medicina do Estado da Bahia (Cremeb) publicou, na \u00faltima sexta-feira (12), a reabertura do Chamamento P\u00fablico [&hellip;]<\/p>\n","protected":false},"author":22,"featured_media":46560,"comment_status":"open","ping_status":"open","sticky":false,"template":"","format":"standard","meta":{"_expiration-date-status":"","_expiration-date":0,"_expiration-date-type":"","_expiration-date-categories":[],"_expiration-date-options":[]},"categories":[1,52],"tags":[],"acf":[],"_links":{"self":[{"href":"https:\/\/www.cremeb.org.br\/index.php\/wp-json\/wp\/v2\/posts\/46557"}],"collection":[{"href":"https:\/\/www.cremeb.org.br\/index.php\/wp-json\/wp\/v2\/posts"}],"about":[{"href":"https:\/\/www.cremeb.org.br\/index.php\/wp-json\/wp\/v2\/types\/post"}],"author":[{"embeddable":true,"href":"https:\/\/www.cremeb.org.br\/index.php\/wp-json\/wp\/v2\/users\/22"}],"replies":[{"embeddable":true,"href":"https:\/\/www.cremeb.org.br\/index.php\/wp-json\/wp\/v2\/comments?post=46557"}],"version-history":[{"count":2,"href":"https:\/\/www.cremeb.org.br\/index.php\/wp-json\/wp\/v2\/posts\/46557\/revisions"}],"predecessor-version":[{"id":46561,"href":"https:\/\/www.cremeb.org.br\/index.php\/wp-json\/wp\/v2\/posts\/46557\/revisions\/46561"}],"wp:featuredmedia":[{"embeddable":true,"href":"https:\/\/www.cremeb.org.br\/index.php\/wp-json\/wp\/v2\/media\/46560"}],"wp:attachment":[{"href":"https:\/\/www.cremeb.org.br\/index.php\/wp-json\/wp\/v2\/media?parent=46557"}],"wp:term":[{"taxonomy":"category","embeddable":true,"href":"https:\/\/www.cremeb.org.br\/index.php\/wp-json\/wp\/v2\/categories?post=46557"},{"taxonomy":"post_tag","embeddable":true,"href":"https:\/\/www.cremeb.org.br\/index.php\/wp-json\/wp\/v2\/tags?post=46557"}],"curies":[{"name":"wp","href":"https:\/\/api.w.org\/{rel}","templated":true}]}}