{"id":46437,"date":"2025-12-03T16:00:19","date_gmt":"2025-12-03T19:00:19","guid":{"rendered":"https:\/\/www.cremeb.org.br\/?p=46437"},"modified":"2026-03-24T18:21:17","modified_gmt":"2026-03-24T21:21:17","slug":"debate-na-camara-conselheiro-do-cremeb-reforca-atencao-ao-pre-natal","status":"publish","type":"post","link":"https:\/\/www.cremeb.org.br\/index.php\/noticias\/debate-na-camara-conselheiro-do-cremeb-reforca-atencao-ao-pre-natal\/","title":{"rendered":"Debate na C\u00e2mara: conselheiro do Cremeb refor\u00e7a aten\u00e7\u00e3o ao pr\u00e9-natal"},"content":{"rendered":"<p>O conselheiro do Cremeb e m\u00e9dico anestesiologista Jos\u00e9 Abelardo de Meneses representou a diretoria da Sociedade Brasileira de Anestesiologia (SBA) na audi\u00eancia p\u00fablica \u201cParto Humanizado: um direito de todas as mulheres!\u201d. O encontro, promovido pela Comiss\u00e3o de Educa\u00e7\u00e3o da C\u00e2mara dos Deputados, foi realizado na manh\u00e3 de ontem (02), em Bras\u00edlia.<\/p>\n<p><a href=\"https:\/\/www.cremeb.org.br\/wp-content\/uploads\/2025\/12\/lsp_83487bc390d3f57ff2fb90884e4aeede_031225-074051.jpeg\"><img decoding=\"async\" loading=\"lazy\" class=\"size-full wp-image-46438 aligncenter\" src=\"https:\/\/www.cremeb.org.br\/wp-content\/uploads\/2025\/12\/lsp_83487bc390d3f57ff2fb90884e4aeede_031225-074051.jpeg\" alt=\"\" width=\"403\" height=\"249\" \/><\/a><\/p>\n<p>Na oportunidade, foram discutidos o Projeto de Lei 6567\/2013, a amplia\u00e7\u00e3o do acesso \u00e0 analgesia peridural no SUS e a apresenta\u00e7\u00e3o do Projeto Parto sem DOR (Fiocruz\/UFBA\/Fran\u00e7a).<\/p>\n<p>Durante sua interven\u00e7\u00e3o, Dr. Abelardo chamou aten\u00e7\u00e3o para um ponto essencial que antecede o parto: a qualidade da aten\u00e7\u00e3o b\u00e1sica e do pr\u00e9-natal. \u201cPrecisamos falar sobre aten\u00e7\u00e3o b\u00e1sica\/pr\u00e9-natal, que \u00e9 bastante insuficiente para prevenir determinadas situa\u00e7\u00f5es que levam as parturientes \u00e0 cesariana\u201d, destacou. Com mais de quatro d\u00e9cadas atuando em maternidades, ele lembrou ainda que muitas indica\u00e7\u00f5es de cesariana decorrem de problemas maternos que poderiam ter sido prevenidos ou controlados ao longo do pr\u00e9-natal, a exemplo da doen\u00e7a hipertensiva espec\u00edfica da gravidez e do diabetes gestacional.<\/p>\n<p>\u201cVerifiquei aqui que n\u00e3o existe um \u00fanico ator respons\u00e1vel por essa desassist\u00eancia ao parto. Afinal, muito pior do que a dor f\u00edsica, que n\u00f3s podemos controlar na sala de parto, \u00e9 a dor de uma m\u00e3e que gera um novo ser, passa nove meses gestando e perde o seu filho no momento do parto porque o pr\u00e9-natal foi mal-conduzido\u201d, concluiu o conselheiro.<\/p>\n<p>Al\u00e9m da SBA, participaram do debate representantes da Funda\u00e7\u00e3o Oswaldo Cruz (Fiocruz), do Centro Colaborador para Redu\u00e7\u00e3o da Mortalidade Materna &#8211; UFBA, da Federa\u00e7\u00e3o Brasileira das Associa\u00e7\u00f5es de Ginecologia e Obstetr\u00edcia (Febrasgo), da Associa\u00e7\u00e3o Brasileira de Obstetrizes e Enfermeiros Obstetras (Abenfo) e do Minist\u00e9rio da Sa\u00fade.<\/p>\n<p>A audi\u00eancia p\u00fablica foi transmitida ao vivo no canal da C\u00e2mara dos Deputados no YouTube e est\u00e1 dispon\u00edvel para consulta na \u00edntegra (<a href=\"https:\/\/www.youtube.com\/live\/a13NxPWP_GE\" target=\"_blank\" rel=\"noopener\">clique aqui<\/a> e confira).<\/p>\n<p><a href=\"https:\/\/www.cremeb.org.br\/wp-content\/uploads\/2025\/12\/lsp_d5d3bfc098ee40fbe36d20430f950bc0_041225-062704.jpeg\"><img decoding=\"async\" loading=\"lazy\" class=\"aligncenter wp-image-46443 size-medium\" src=\"https:\/\/www.cremeb.org.br\/wp-content\/uploads\/2025\/12\/lsp_d5d3bfc098ee40fbe36d20430f950bc0_041225-062704-201x268.jpeg\" alt=\"\" width=\"201\" height=\"268\" srcset=\"https:\/\/www.cremeb.org.br\/wp-content\/uploads\/2025\/12\/lsp_d5d3bfc098ee40fbe36d20430f950bc0_041225-062704-201x268.jpeg 201w, https:\/\/www.cremeb.org.br\/wp-content\/uploads\/2025\/12\/lsp_d5d3bfc098ee40fbe36d20430f950bc0_041225-062704-768x1024.jpeg 768w, https:\/\/www.cremeb.org.br\/wp-content\/uploads\/2025\/12\/lsp_d5d3bfc098ee40fbe36d20430f950bc0_041225-062704.jpeg 960w\" sizes=\"(max-width: 201px) 100vw, 201px\" \/><\/a><\/p>\n<p>&nbsp;<\/p>\n","protected":false},"excerpt":{"rendered":"<p>O conselheiro do Cremeb e m\u00e9dico anestesiologista Jos\u00e9 Abelardo de Meneses representou a diretoria da Sociedade Brasileira de Anestesiologia (SBA) [&hellip;]<\/p>\n","protected":false},"author":39,"featured_media":46438,"comment_status":"open","ping_status":"open","sticky":false,"template":"","format":"standard","meta":{"_expiration-date-status":"","_expiration-date":0,"_expiration-date-type":"","_expiration-date-categories":[],"_expiration-date-options":[]},"categories":[1,86,52],"tags":[],"acf":[],"_links":{"self":[{"href":"https:\/\/www.cremeb.org.br\/index.php\/wp-json\/wp\/v2\/posts\/46437"}],"collection":[{"href":"https:\/\/www.cremeb.org.br\/index.php\/wp-json\/wp\/v2\/posts"}],"about":[{"href":"https:\/\/www.cremeb.org.br\/index.php\/wp-json\/wp\/v2\/types\/post"}],"author":[{"embeddable":true,"href":"https:\/\/www.cremeb.org.br\/index.php\/wp-json\/wp\/v2\/users\/39"}],"replies":[{"embeddable":true,"href":"https:\/\/www.cremeb.org.br\/index.php\/wp-json\/wp\/v2\/comments?post=46437"}],"version-history":[{"count":3,"href":"https:\/\/www.cremeb.org.br\/index.php\/wp-json\/wp\/v2\/posts\/46437\/revisions"}],"predecessor-version":[{"id":46444,"href":"https:\/\/www.cremeb.org.br\/index.php\/wp-json\/wp\/v2\/posts\/46437\/revisions\/46444"}],"wp:featuredmedia":[{"embeddable":true,"href":"https:\/\/www.cremeb.org.br\/index.php\/wp-json\/wp\/v2\/media\/46438"}],"wp:attachment":[{"href":"https:\/\/www.cremeb.org.br\/index.php\/wp-json\/wp\/v2\/media?parent=46437"}],"wp:term":[{"taxonomy":"category","embeddable":true,"href":"https:\/\/www.cremeb.org.br\/index.php\/wp-json\/wp\/v2\/categories?post=46437"},{"taxonomy":"post_tag","embeddable":true,"href":"https:\/\/www.cremeb.org.br\/index.php\/wp-json\/wp\/v2\/tags?post=46437"}],"curies":[{"name":"wp","href":"https:\/\/api.w.org\/{rel}","templated":true}]}}