{"id":46428,"date":"2025-12-03T16:57:14","date_gmt":"2025-12-03T19:57:14","guid":{"rendered":"https:\/\/www.cremeb.org.br\/?p=46428"},"modified":"2026-03-24T18:20:58","modified_gmt":"2026-03-24T21:20:58","slug":"senado-aprova-exame-de-proficiencia-em-medicina-vitoria-historica-para-a-saude-publica","status":"publish","type":"post","link":"https:\/\/www.cremeb.org.br\/index.php\/noticias\/senado-aprova-exame-de-proficiencia-em-medicina-vitoria-historica-para-a-saude-publica\/","title":{"rendered":"Senado aprova Exame de Profici\u00eancia em Medicina: vit\u00f3ria hist\u00f3rica para a sa\u00fade p\u00fablica"},"content":{"rendered":"<p>Em uma vota\u00e7\u00e3o marcada por debates intensos e forte mobiliza\u00e7\u00e3o, a Comiss\u00e3o de Assuntos Sociais (CAS) do Senado Federal aprovou, nesta quarta-feira (3), o relat\u00f3rio do PL 2.294\/2024, que institui o Exame Nacional de Profici\u00eancia em Medicina (ProfiMed) como requisito para o exerc\u00edcio profissional no Brasil. O placar final foi de 11 votos favor\u00e1veis e 9 contr\u00e1rios, em um qu\u00f3rum de 21 senadores. A decis\u00e3o foi celebrada com aplausos no plen\u00e1rio.<\/p>\n<p>&nbsp;<\/p>\n<p><a href=\"https:\/\/www.cremeb.org.br\/wp-content\/uploads\/2025\/12\/lsp_89f458095b8be484a5e65ef52dae8fe5_031225-073157.png\"><img decoding=\"async\" loading=\"lazy\" class=\"size-medium wp-image-46429 aligncenter\" src=\"https:\/\/www.cremeb.org.br\/wp-content\/uploads\/2025\/12\/lsp_89f458095b8be484a5e65ef52dae8fe5_031225-073157-403x249.png\" alt=\"\" width=\"403\" height=\"249\" srcset=\"https:\/\/www.cremeb.org.br\/wp-content\/uploads\/2025\/12\/lsp_89f458095b8be484a5e65ef52dae8fe5_031225-073157-403x249.png 403w, https:\/\/www.cremeb.org.br\/wp-content\/uploads\/2025\/12\/lsp_89f458095b8be484a5e65ef52dae8fe5_031225-073157-768x475.png 768w, https:\/\/www.cremeb.org.br\/wp-content\/uploads\/2025\/12\/lsp_89f458095b8be484a5e65ef52dae8fe5_031225-073157.png 792w\" sizes=\"(max-width: 403px) 100vw, 403px\" \/><\/a><\/p>\n<p>&nbsp;<\/p>\n<p>O presidente da CAS, senador Marcelo Castro (MDB-PI), anunciou o resultado. \u201cO relat\u00f3rio teve 11 votos sim, 9 votos n\u00e3o, nenhuma absten\u00e7\u00e3o. Portanto, o relat\u00f3rio foi aprovado nos termos da emenda n\u00ba 5 da CAS. Parabenizo o senador Dr. Hiran pelo trabalho desenvolvido\u201d, anunciou.<\/p>\n<p>A aprova\u00e7\u00e3o do relat\u00f3rio marca um avan\u00e7o hist\u00f3rico na regula\u00e7\u00e3o da forma\u00e7\u00e3o m\u00e9dica e no fortalecimento da seguran\u00e7a do paciente no Brasil. Para os parlamentares que defenderam o texto, o ProfiMed representa um divisor de \u00e1guas na qualidade da medicina brasileira.<\/p>\n<p>O presidente do Cremeb, Cons. Ot\u00e1vio Marambaia, participou da vota\u00e7\u00e3o, juntamente com o conselheiro federal pela Bahia, Antonio Meira.<\/p>\n<p>&nbsp;<\/p>\n<p>&nbsp;<\/p>\n\n\t\t<style type=\"text\/css\">\n\t\t\t#gallery-1 {\n\t\t\t\tmargin: auto;\n\t\t\t}\n\t\t\t#gallery-1 .gallery-item {\n\t\t\t\tfloat: left;\n\t\t\t\tmargin-top: 10px;\n\t\t\t\ttext-align: center;\n\t\t\t\twidth: 33%;\n\t\t\t}\n\t\t\t#gallery-1 img {\n\t\t\t\tborder: 2px solid #cfcfcf;\n\t\t\t}\n\t\t\t#gallery-1 .gallery-caption {\n\t\t\t\tmargin-left: 0;\n\t\t\t}\n\t\t\t\/* see gallery_shortcode() in wp-includes\/media.php *\/\n\t\t<\/style>\n\t\t<div id='gallery-1' class='gallery galleryid-46428 gallery-columns-3 gallery-size-thumbnail'><dl class='gallery-item'>\n\t\t\t<dt class='gallery-icon landscape'>\n\t\t\t\t<a href='https:\/\/www.cremeb.org.br\/wp-content\/uploads\/2025\/12\/lsp_a8dbf43bad0f3ef4195f7d47211bcad9_031225-073627-scaled.jpg'><img width=\"150\" height=\"100\" src=\"https:\/\/www.cremeb.org.br\/wp-content\/uploads\/2025\/12\/lsp_a8dbf43bad0f3ef4195f7d47211bcad9_031225-073627-150x100.jpg\" class=\"attachment-thumbnail size-thumbnail\" alt=\"\" decoding=\"async\" loading=\"lazy\" srcset=\"https:\/\/www.cremeb.org.br\/wp-content\/uploads\/2025\/12\/lsp_a8dbf43bad0f3ef4195f7d47211bcad9_031225-073627-150x100.jpg 150w, https:\/\/www.cremeb.org.br\/wp-content\/uploads\/2025\/12\/lsp_a8dbf43bad0f3ef4195f7d47211bcad9_031225-073627-403x268.jpg 403w\" sizes=\"(max-width: 150px) 100vw, 150px\" \/><\/a>\n\t\t\t<\/dt><\/dl><dl class='gallery-item'>\n\t\t\t<dt class='gallery-icon landscape'>\n\t\t\t\t<a href='https:\/\/www.cremeb.org.br\/wp-content\/uploads\/2025\/12\/lsp_0528090ef8c269c06f46f8411886630c_031225-073344-scaled.jpg'><img width=\"150\" height=\"100\" src=\"https:\/\/www.cremeb.org.br\/wp-content\/uploads\/2025\/12\/lsp_0528090ef8c269c06f46f8411886630c_031225-073344-150x100.jpg\" class=\"attachment-thumbnail size-thumbnail\" alt=\"\" decoding=\"async\" loading=\"lazy\" srcset=\"https:\/\/www.cremeb.org.br\/wp-content\/uploads\/2025\/12\/lsp_0528090ef8c269c06f46f8411886630c_031225-073344-150x100.jpg 150w, https:\/\/www.cremeb.org.br\/wp-content\/uploads\/2025\/12\/lsp_0528090ef8c269c06f46f8411886630c_031225-073344-403x268.jpg 403w\" sizes=\"(max-width: 150px) 100vw, 150px\" \/><\/a>\n\t\t\t<\/dt><\/dl><dl class='gallery-item'>\n\t\t\t<dt class='gallery-icon landscape'>\n\t\t\t\t<a href='https:\/\/www.cremeb.org.br\/wp-content\/uploads\/2025\/12\/lsp_6d272be4f8ac1e8f9d305feae4d23089_031225-073704-scaled.jpg'><img width=\"150\" height=\"100\" src=\"https:\/\/www.cremeb.org.br\/wp-content\/uploads\/2025\/12\/lsp_6d272be4f8ac1e8f9d305feae4d23089_031225-073704-150x100.jpg\" class=\"attachment-thumbnail size-thumbnail\" alt=\"\" decoding=\"async\" loading=\"lazy\" srcset=\"https:\/\/www.cremeb.org.br\/wp-content\/uploads\/2025\/12\/lsp_6d272be4f8ac1e8f9d305feae4d23089_031225-073704-150x100.jpg 150w, https:\/\/www.cremeb.org.br\/wp-content\/uploads\/2025\/12\/lsp_6d272be4f8ac1e8f9d305feae4d23089_031225-073704-403x268.jpg 403w\" sizes=\"(max-width: 150px) 100vw, 150px\" \/><\/a>\n\t\t\t<\/dt><\/dl><br style=\"clear: both\" \/>\n\t\t<\/div>\n\n<p>&nbsp;<\/p>\n<p>Confira no v\u00eddeo abaixo a mensagem dos conselheiros baianos e do senador Hiran Gon\u00e7alves<\/p>\n<p><iframe loading=\"lazy\" title=\"202512031301 1 1\" width=\"500\" height=\"281\" src=\"https:\/\/www.youtube.com\/embed\/4o4XNKeCuRs?feature=oembed\" frameborder=\"0\" allow=\"accelerometer; autoplay; clipboard-write; encrypted-media; gyroscope; picture-in-picture; web-share\" referrerpolicy=\"strict-origin-when-cross-origin\" allowfullscreen><\/iframe><\/p>\n<p>&nbsp;<\/p>\n<p>&nbsp;<\/p>\n","protected":false},"excerpt":{"rendered":"<p>Em uma vota\u00e7\u00e3o marcada por debates intensos e forte mobiliza\u00e7\u00e3o, a Comiss\u00e3o de Assuntos Sociais (CAS) do Senado Federal aprovou, [&hellip;]<\/p>\n","protected":false},"author":39,"featured_media":46429,"comment_status":"open","ping_status":"open","sticky":false,"template":"","format":"standard","meta":{"_expiration-date-status":"","_expiration-date":0,"_expiration-date-type":"","_expiration-date-categories":[],"_expiration-date-options":[]},"categories":[1,28,52],"tags":[],"acf":[],"_links":{"self":[{"href":"https:\/\/www.cremeb.org.br\/index.php\/wp-json\/wp\/v2\/posts\/46428"}],"collection":[{"href":"https:\/\/www.cremeb.org.br\/index.php\/wp-json\/wp\/v2\/posts"}],"about":[{"href":"https:\/\/www.cremeb.org.br\/index.php\/wp-json\/wp\/v2\/types\/post"}],"author":[{"embeddable":true,"href":"https:\/\/www.cremeb.org.br\/index.php\/wp-json\/wp\/v2\/users\/39"}],"replies":[{"embeddable":true,"href":"https:\/\/www.cremeb.org.br\/index.php\/wp-json\/wp\/v2\/comments?post=46428"}],"version-history":[{"count":4,"href":"https:\/\/www.cremeb.org.br\/index.php\/wp-json\/wp\/v2\/posts\/46428\/revisions"}],"predecessor-version":[{"id":46441,"href":"https:\/\/www.cremeb.org.br\/index.php\/wp-json\/wp\/v2\/posts\/46428\/revisions\/46441"}],"wp:featuredmedia":[{"embeddable":true,"href":"https:\/\/www.cremeb.org.br\/index.php\/wp-json\/wp\/v2\/media\/46429"}],"wp:attachment":[{"href":"https:\/\/www.cremeb.org.br\/index.php\/wp-json\/wp\/v2\/media?parent=46428"}],"wp:term":[{"taxonomy":"category","embeddable":true,"href":"https:\/\/www.cremeb.org.br\/index.php\/wp-json\/wp\/v2\/categories?post=46428"},{"taxonomy":"post_tag","embeddable":true,"href":"https:\/\/www.cremeb.org.br\/index.php\/wp-json\/wp\/v2\/tags?post=46428"}],"curies":[{"name":"wp","href":"https:\/\/api.w.org\/{rel}","templated":true}]}}