{"id":46392,"date":"2025-11-24T11:58:37","date_gmt":"2025-11-24T14:58:37","guid":{"rendered":"https:\/\/www.cremeb.org.br\/?p=46392"},"modified":"2025-11-24T11:58:37","modified_gmt":"2025-11-24T14:58:37","slug":"nota-de-pesar-cremeb-lamenta-a-morte-do-jovem-medico-psiquiatra-rodrigo-barros-cavalcanti-aos-35-anos","status":"publish","type":"post","link":"https:\/\/www.cremeb.org.br\/index.php\/obituario\/nota-de-pesar-cremeb-lamenta-a-morte-do-jovem-medico-psiquiatra-rodrigo-barros-cavalcanti-aos-35-anos\/","title":{"rendered":"Nota de pesar: Cremeb lamenta a morte do jovem m\u00e9dico psiquiatra Rodrigo Barros Cavalcanti, aos 35 anos"},"content":{"rendered":"<p>\u00c9 tomado por profunda consterna\u00e7\u00e3o que o Conselho Regional de Medicina do Estado da Bahia (Cremeb) recebe a not\u00edcia do falecimento do jovem m\u00e9dico psiquiatra Rodrigo Barros Cavalcanti, aos 35 anos. Segundo informa\u00e7\u00f5es da Pol\u00edcia Civil, Rodrigo foi encontrado sem vida por familiares em sua resid\u00eancia, no bairro de Patamares, em Salvador, na noite do \u00faltimo s\u00e1bado (22), apresentando sinais de viol\u00eancia.<\/p>\n<p>Natural de Recife (PE), Dr. Rodrigo Cavalcanti formou-se m\u00e9dico pela Escola Bahiana de Medicina e Sa\u00fade Publica, na turma de 2014, e tinha Registro de Qualifica\u00e7\u00e3o de Especialista (RQE) desde 2019. O m\u00e9dico psiquiatra trabalhava no Centro de Aten\u00e7\u00e3o Psicossocial Infantojuvenil (CAPSi) de Concei\u00e7\u00e3o de Jacu\u00edpe.<\/p>\n<p>\u201cNeste momento de luto, nos solidarizamos com seus familiares, amigos e colegas de trabalho, para que encontrem conforto e for\u00e7a para enfrentar essa perda irrepar\u00e1vel. Seu legado e sua mem\u00f3ria permanecer\u00e3o vivos em nossos cora\u00e7\u00f5es\u201d, disse, em nota, a Secretaria Municipal de Sa\u00fade de Concei\u00e7\u00e3o de Jacu\u00edpe.<\/p>\n<p>\u201cEstamos profundamente entristecidos pela interrup\u00e7\u00e3o t\u00e3o precoce da vida deste colega, que, apesar da pouca idade, j\u00e1 se dedicava com compet\u00eancia \u00e0 sua especialidade e tinha toda uma trajet\u00f3ria pela frente. Que as investiga\u00e7\u00f5es avancem com celeridade e que a justi\u00e7a prevale\u00e7a. Envio um abra\u00e7o afetuoso aos familiares. Que Deus o acolha em sua infinita miseric\u00f3rdia\u201d, declarou o presidente do Cremeb, conselheiro Ot\u00e1vio Marambaia.<\/p>\n","protected":false},"excerpt":{"rendered":"<p>\u00c9 tomado por profunda consterna\u00e7\u00e3o que o Conselho Regional de Medicina do Estado da Bahia (Cremeb) recebe a not\u00edcia do [&hellip;]<\/p>\n","protected":false},"author":39,"featured_media":27530,"comment_status":"open","ping_status":"open","sticky":false,"template":"","format":"standard","meta":{"_expiration-date-status":"","_expiration-date":0,"_expiration-date-type":"","_expiration-date-categories":[],"_expiration-date-options":[]},"categories":[67],"tags":[],"acf":[],"_links":{"self":[{"href":"https:\/\/www.cremeb.org.br\/index.php\/wp-json\/wp\/v2\/posts\/46392"}],"collection":[{"href":"https:\/\/www.cremeb.org.br\/index.php\/wp-json\/wp\/v2\/posts"}],"about":[{"href":"https:\/\/www.cremeb.org.br\/index.php\/wp-json\/wp\/v2\/types\/post"}],"author":[{"embeddable":true,"href":"https:\/\/www.cremeb.org.br\/index.php\/wp-json\/wp\/v2\/users\/39"}],"replies":[{"embeddable":true,"href":"https:\/\/www.cremeb.org.br\/index.php\/wp-json\/wp\/v2\/comments?post=46392"}],"version-history":[{"count":1,"href":"https:\/\/www.cremeb.org.br\/index.php\/wp-json\/wp\/v2\/posts\/46392\/revisions"}],"predecessor-version":[{"id":46393,"href":"https:\/\/www.cremeb.org.br\/index.php\/wp-json\/wp\/v2\/posts\/46392\/revisions\/46393"}],"wp:featuredmedia":[{"embeddable":true,"href":"https:\/\/www.cremeb.org.br\/index.php\/wp-json\/wp\/v2\/media\/27530"}],"wp:attachment":[{"href":"https:\/\/www.cremeb.org.br\/index.php\/wp-json\/wp\/v2\/media?parent=46392"}],"wp:term":[{"taxonomy":"category","embeddable":true,"href":"https:\/\/www.cremeb.org.br\/index.php\/wp-json\/wp\/v2\/categories?post=46392"},{"taxonomy":"post_tag","embeddable":true,"href":"https:\/\/www.cremeb.org.br\/index.php\/wp-json\/wp\/v2\/tags?post=46392"}],"curies":[{"name":"wp","href":"https:\/\/api.w.org\/{rel}","templated":true}]}}