{"id":46344,"date":"2025-11-11T12:08:59","date_gmt":"2025-11-11T15:08:59","guid":{"rendered":"https:\/\/www.cremeb.org.br\/?p=46344"},"modified":"2025-11-11T12:34:55","modified_gmt":"2025-11-11T15:34:55","slug":"nota-de-pesar-cremeb-lamenta-falecimento-do-medico-agnelo-almeida-barreto-neto","status":"publish","type":"post","link":"https:\/\/www.cremeb.org.br\/index.php\/obituario\/nota-de-pesar-cremeb-lamenta-falecimento-do-medico-agnelo-almeida-barreto-neto\/","title":{"rendered":"Nota de pesar: Cremeb lamenta falecimento do m\u00e9dico Agnelo Almeida Barreto Neto"},"content":{"rendered":"<p>O Conselho Regional de Medicina do Estado da Bahia (Cremeb) manifesta profundo pesar pelo falecimento do m\u00e9dico Agnelo Almeida Barreto Neto, ocorrido no \u00faltimo s\u00e1bado (08), aos 70 anos. Natural de Presidente Dutra, no norte da Bahia, Dr. Agnelo Barreto graduou-se em Medicina pela Escola Bahiana de Medicina e Sa\u00fade P\u00fablica, na turma de 1979.<\/p>\n<p>Dr. Agnelo Almeida Barreto Neto foi prefeito da sua cidade natal e deixou a esposa Anete Pereira Machado e os filhos Bruno Almeida Barreto Machado e Fernanda Almeida Barreto Machado, ambos m\u00e9dicos.<\/p>\n<p>\u201cAgnelo, carinhosamente chamado de China, por ter os olhos puxados, era uma pessoa alegre, brincalhona e muito educada. Fui a \u00faltima pessoa a falar com ele, depois de tantos anos longe\u201d, relembra o colega de turma Dr. Erasmo Carteado.<\/p>\n<p>Aos familiares, amigos e colegas de profiss\u00e3o do Dr. Agnelo Almeida Barreto Neto, o Cremeb expressa sua solidariedade e os mais sinceros sentimentos de pesar.<\/p>\n","protected":false},"excerpt":{"rendered":"<p>O Conselho Regional de Medicina do Estado da Bahia (Cremeb) manifesta profundo pesar pelo falecimento do m\u00e9dico Agnelo Almeida Barreto [&hellip;]<\/p>\n","protected":false},"author":39,"featured_media":27530,"comment_status":"open","ping_status":"open","sticky":false,"template":"","format":"standard","meta":{"_expiration-date-status":"","_expiration-date":0,"_expiration-date-type":"","_expiration-date-categories":[],"_expiration-date-options":[]},"categories":[67],"tags":[],"acf":[],"_links":{"self":[{"href":"https:\/\/www.cremeb.org.br\/index.php\/wp-json\/wp\/v2\/posts\/46344"}],"collection":[{"href":"https:\/\/www.cremeb.org.br\/index.php\/wp-json\/wp\/v2\/posts"}],"about":[{"href":"https:\/\/www.cremeb.org.br\/index.php\/wp-json\/wp\/v2\/types\/post"}],"author":[{"embeddable":true,"href":"https:\/\/www.cremeb.org.br\/index.php\/wp-json\/wp\/v2\/users\/39"}],"replies":[{"embeddable":true,"href":"https:\/\/www.cremeb.org.br\/index.php\/wp-json\/wp\/v2\/comments?post=46344"}],"version-history":[{"count":2,"href":"https:\/\/www.cremeb.org.br\/index.php\/wp-json\/wp\/v2\/posts\/46344\/revisions"}],"predecessor-version":[{"id":46347,"href":"https:\/\/www.cremeb.org.br\/index.php\/wp-json\/wp\/v2\/posts\/46344\/revisions\/46347"}],"wp:featuredmedia":[{"embeddable":true,"href":"https:\/\/www.cremeb.org.br\/index.php\/wp-json\/wp\/v2\/media\/27530"}],"wp:attachment":[{"href":"https:\/\/www.cremeb.org.br\/index.php\/wp-json\/wp\/v2\/media?parent=46344"}],"wp:term":[{"taxonomy":"category","embeddable":true,"href":"https:\/\/www.cremeb.org.br\/index.php\/wp-json\/wp\/v2\/categories?post=46344"},{"taxonomy":"post_tag","embeddable":true,"href":"https:\/\/www.cremeb.org.br\/index.php\/wp-json\/wp\/v2\/tags?post=46344"}],"curies":[{"name":"wp","href":"https:\/\/api.w.org\/{rel}","templated":true}]}}