{"id":46324,"date":"2025-11-07T17:43:13","date_gmt":"2025-11-07T20:43:13","guid":{"rendered":"https:\/\/www.cremeb.org.br\/?p=46324"},"modified":"2026-03-24T18:19:15","modified_gmt":"2026-03-24T21:19:15","slug":"falsa-medica-e-conduzida-a-delegacia-em-irece-apos-denuncia-do-cremeb","status":"publish","type":"post","link":"https:\/\/www.cremeb.org.br\/index.php\/noticias\/falsa-medica-e-conduzida-a-delegacia-em-irece-apos-denuncia-do-cremeb\/","title":{"rendered":"Falsa m\u00e9dica \u00e9 conduzida \u00e0 delegacia em Irec\u00ea ap\u00f3s den\u00fancia do Cremeb"},"content":{"rendered":"<p>Uma mulher do munic\u00edpio de Irec\u00ea que se identificava como m\u00e9dica nas redes sociais foi conduzida \u00e0 delegacia para prestar esclarecimentos, ap\u00f3s o Conselho Regional de Medicina do Estado da Bahia (Cremeb), por meio do Departamento de Defesa das Prerrogativas do M\u00e9dico, receber uma den\u00fancia de exerc\u00edcio ilegal da medicina e acionar a Pol\u00edcia Civil. Durante a a\u00e7\u00e3o, realizada ontem (06), em uma cl\u00ednica localizada no Centro da cidade, a suspeita, de iniciais L. B. P. L., 28 anos, afirmou que n\u00e3o exercia a medicina, mas disse que estava \u201cacompanhando alguns pacientes que est\u00e3o em processo de perda de peso\u201d.<\/p>\n<p><a href=\"https:\/\/www.cremeb.org.br\/wp-content\/uploads\/2025\/11\/lsp_e430267234e6440de4dc26bbeec02689_071125-083325.jpeg\"><img decoding=\"async\" loading=\"lazy\" class=\"aligncenter wp-image-46325 size-medium\" src=\"https:\/\/www.cremeb.org.br\/wp-content\/uploads\/2025\/11\/lsp_e430267234e6440de4dc26bbeec02689_071125-083325-403x249.jpeg\" alt=\"\" width=\"403\" height=\"249\" srcset=\"https:\/\/www.cremeb.org.br\/wp-content\/uploads\/2025\/11\/lsp_e430267234e6440de4dc26bbeec02689_071125-083325-403x249.jpeg 403w, https:\/\/www.cremeb.org.br\/wp-content\/uploads\/2025\/11\/lsp_e430267234e6440de4dc26bbeec02689_071125-083325-768x475.jpeg 768w, https:\/\/www.cremeb.org.br\/wp-content\/uploads\/2025\/11\/lsp_e430267234e6440de4dc26bbeec02689_071125-083325.jpeg 792w\" sizes=\"(max-width: 403px) 100vw, 403px\" \/><\/a><\/p>\n<p>A a\u00e7\u00e3o policial foi acompanhada pelo vice-presidente do Cremeb e diretor do Departamento do Interior, conselheiro Pl\u00ednio Sodr\u00e9, e resultou na lavratura de um termo circunstanciado para apurar o crime de exerc\u00edcio ilegal da medicina. \u201cL. B. P. L. tem forma\u00e7\u00e3o em Medicina no Paraguai, mas, como n\u00e3o possui a revalida\u00e7\u00e3o do diploma, conforme determina a lei, n\u00e3o pode atuar como m\u00e9dica no Brasil. E, embora a pol\u00edcia n\u00e3o tenha encontrado evid\u00eancias que justificassem pris\u00e3o em flagrante, como um carimbo, a jovem estava em um consult\u00f3rio e se anunciava como m\u00e9dica nas redes sociais, ludibriando as pessoas\u201d, declarou ele.<\/p>\n\n\t\t<style type=\"text\/css\">\n\t\t\t#gallery-1 {\n\t\t\t\tmargin: auto;\n\t\t\t}\n\t\t\t#gallery-1 .gallery-item {\n\t\t\t\tfloat: left;\n\t\t\t\tmargin-top: 10px;\n\t\t\t\ttext-align: center;\n\t\t\t\twidth: 33%;\n\t\t\t}\n\t\t\t#gallery-1 img {\n\t\t\t\tborder: 2px solid #cfcfcf;\n\t\t\t}\n\t\t\t#gallery-1 .gallery-caption {\n\t\t\t\tmargin-left: 0;\n\t\t\t}\n\t\t\t\/* see gallery_shortcode() in wp-includes\/media.php *\/\n\t\t<\/style>\n\t\t<div id='gallery-1' class='gallery galleryid-46324 gallery-columns-3 gallery-size-thumbnail'><dl class='gallery-item'>\n\t\t\t<dt class='gallery-icon landscape'>\n\t\t\t\t<a href='https:\/\/www.cremeb.org.br\/wp-content\/uploads\/2025\/11\/lsp_e430267234e6440de4dc26bbeec02689_071125-083325.jpeg'><img width=\"150\" height=\"100\" src=\"https:\/\/www.cremeb.org.br\/wp-content\/uploads\/2025\/11\/lsp_e430267234e6440de4dc26bbeec02689_071125-083325-150x100.jpeg\" class=\"attachment-thumbnail size-thumbnail\" alt=\"\" decoding=\"async\" loading=\"lazy\" srcset=\"https:\/\/www.cremeb.org.br\/wp-content\/uploads\/2025\/11\/lsp_e430267234e6440de4dc26bbeec02689_071125-083325-150x100.jpeg 150w, https:\/\/www.cremeb.org.br\/wp-content\/uploads\/2025\/11\/lsp_e430267234e6440de4dc26bbeec02689_071125-083325-403x268.jpeg 403w\" sizes=\"(max-width: 150px) 100vw, 150px\" \/><\/a>\n\t\t\t<\/dt><\/dl><dl class='gallery-item'>\n\t\t\t<dt class='gallery-icon portrait'>\n\t\t\t\t<a href='https:\/\/www.cremeb.org.br\/wp-content\/uploads\/2025\/11\/lsp_1708e795aecbb0b8330f8ec5b3400d33_071125-084028.jpeg'><img width=\"150\" height=\"100\" src=\"https:\/\/www.cremeb.org.br\/wp-content\/uploads\/2025\/11\/lsp_1708e795aecbb0b8330f8ec5b3400d33_071125-084028-150x100.jpeg\" class=\"attachment-thumbnail size-thumbnail\" alt=\"\" decoding=\"async\" loading=\"lazy\" srcset=\"https:\/\/www.cremeb.org.br\/wp-content\/uploads\/2025\/11\/lsp_1708e795aecbb0b8330f8ec5b3400d33_071125-084028-150x100.jpeg 150w, https:\/\/www.cremeb.org.br\/wp-content\/uploads\/2025\/11\/lsp_1708e795aecbb0b8330f8ec5b3400d33_071125-084028-403x268.jpeg 403w\" sizes=\"(max-width: 150px) 100vw, 150px\" \/><\/a>\n\t\t\t<\/dt><\/dl><dl class='gallery-item'>\n\t\t\t<dt class='gallery-icon portrait'>\n\t\t\t\t<a href='https:\/\/www.cremeb.org.br\/wp-content\/uploads\/2025\/11\/lsp_d6392931cd3baa3865f10d61eedf9052_071125-083606.jpeg'><img width=\"150\" height=\"100\" src=\"https:\/\/www.cremeb.org.br\/wp-content\/uploads\/2025\/11\/lsp_d6392931cd3baa3865f10d61eedf9052_071125-083606-150x100.jpeg\" class=\"attachment-thumbnail size-thumbnail\" alt=\"\" decoding=\"async\" loading=\"lazy\" srcset=\"https:\/\/www.cremeb.org.br\/wp-content\/uploads\/2025\/11\/lsp_d6392931cd3baa3865f10d61eedf9052_071125-083606-150x100.jpeg 150w, https:\/\/www.cremeb.org.br\/wp-content\/uploads\/2025\/11\/lsp_d6392931cd3baa3865f10d61eedf9052_071125-083606-403x268.jpeg 403w\" sizes=\"(max-width: 150px) 100vw, 150px\" \/><\/a>\n\t\t\t<\/dt><\/dl><br style=\"clear: both\" \/>\n\t\t<\/div>\n\n<p>O presidente do Cremeb, conselheiro Ot\u00e1vio Marambaia, informou que, somente este ano, o Conselho j\u00e1 recebeu 62 den\u00fancias de exerc\u00edcio ilegal da medicina na Bahia. \u201cNa Justi\u00e7a, j\u00e1 s\u00e3o 23 a\u00e7\u00f5es sobre o tema em 2025, sendo 12 delas com decis\u00f5es favor\u00e1veis. N\u00e3o vamos aceitar que fals\u00e1rios fiquem soltos por a\u00ed enganando a popula\u00e7\u00e3o e colocando vidas em risco. Cuidado: falso m\u00e9dico mata!\u201d, enfatizou ele. Dr. Marambaia tamb\u00e9m cobrou dos gestores p\u00fablicos e privados mais rigor na checagem de documenta\u00e7\u00e3o durante contrata\u00e7\u00f5es e refor\u00e7ou o convite para que a popula\u00e7\u00e3o denuncie casos suspeitos ao Cremeb, pelo e-mail protocolo@cremeb.org.br, ou \u00e0 Pol\u00edcia Civil, pelo n\u00famero 190.<\/p>\n","protected":false},"excerpt":{"rendered":"<p>Uma mulher do munic\u00edpio de Irec\u00ea que se identificava como m\u00e9dica nas redes sociais foi conduzida \u00e0 delegacia para prestar [&hellip;]<\/p>\n","protected":false},"author":39,"featured_media":46325,"comment_status":"open","ping_status":"open","sticky":false,"template":"","format":"standard","meta":{"_expiration-date-status":"","_expiration-date":0,"_expiration-date-type":"","_expiration-date-categories":[],"_expiration-date-options":[]},"categories":[1,28,52],"tags":[],"acf":[],"_links":{"self":[{"href":"https:\/\/www.cremeb.org.br\/index.php\/wp-json\/wp\/v2\/posts\/46324"}],"collection":[{"href":"https:\/\/www.cremeb.org.br\/index.php\/wp-json\/wp\/v2\/posts"}],"about":[{"href":"https:\/\/www.cremeb.org.br\/index.php\/wp-json\/wp\/v2\/types\/post"}],"author":[{"embeddable":true,"href":"https:\/\/www.cremeb.org.br\/index.php\/wp-json\/wp\/v2\/users\/39"}],"replies":[{"embeddable":true,"href":"https:\/\/www.cremeb.org.br\/index.php\/wp-json\/wp\/v2\/comments?post=46324"}],"version-history":[{"count":3,"href":"https:\/\/www.cremeb.org.br\/index.php\/wp-json\/wp\/v2\/posts\/46324\/revisions"}],"predecessor-version":[{"id":46330,"href":"https:\/\/www.cremeb.org.br\/index.php\/wp-json\/wp\/v2\/posts\/46324\/revisions\/46330"}],"wp:featuredmedia":[{"embeddable":true,"href":"https:\/\/www.cremeb.org.br\/index.php\/wp-json\/wp\/v2\/media\/46325"}],"wp:attachment":[{"href":"https:\/\/www.cremeb.org.br\/index.php\/wp-json\/wp\/v2\/media?parent=46324"}],"wp:term":[{"taxonomy":"category","embeddable":true,"href":"https:\/\/www.cremeb.org.br\/index.php\/wp-json\/wp\/v2\/categories?post=46324"},{"taxonomy":"post_tag","embeddable":true,"href":"https:\/\/www.cremeb.org.br\/index.php\/wp-json\/wp\/v2\/tags?post=46324"}],"curies":[{"name":"wp","href":"https:\/\/api.w.org\/{rel}","templated":true}]}}