{"id":46282,"date":"2025-11-03T17:09:01","date_gmt":"2025-11-03T20:09:01","guid":{"rendered":"https:\/\/www.cremeb.org.br\/?p=46282"},"modified":"2026-03-24T18:19:39","modified_gmt":"2026-03-24T21:19:39","slug":"cremeb-abre-chamamento-publico-para-venda-direta-de-imoveis-desocupados-prazo-para-envio-das-propostas-vai-ate-13-11","status":"publish","type":"post","link":"https:\/\/www.cremeb.org.br\/index.php\/noticias\/cremeb-abre-chamamento-publico-para-venda-direta-de-imoveis-desocupados-prazo-para-envio-das-propostas-vai-ate-13-11\/","title":{"rendered":"Cremeb abre chamamento p\u00fablico para venda direta de im\u00f3veis desocupados; prazo para envio das propostas vai at\u00e9 13.11"},"content":{"rendered":"<p>O Conselho Regional de Medicina do Estado da Bahia (Cremeb) publicou o Chamamento P\u00fablico n\u00ba 029\/2025, para aliena\u00e7\u00e3o direta de tr\u00eas bens em desuso da autarquia federal. Os bens, que s\u00e3o oriundos de leil\u00f5es p\u00fablicos que restaram desertos em duas convoca\u00e7\u00f5es, s\u00e3o: dois terrenos em Salvador e uma sala comercial no interior do estado, todos desocupados. As propostas devem ser enviadas at\u00e9 13 de novembro, \u00e0s 18h, para o e-mail <a href=\"mailto:decomp@cremeb.org.br\">decomp@cremeb.org.br<\/a>, com c\u00f3pia para o e-mail <a href=\"mailto:deplan@cremeb.org.br\">deplan@cremeb.org.br<\/a>.<\/p>\n<p>De acordo com o edital (<a href=\"https:\/\/sistemas.cfm.org.br\/licitacao\/?pg=detalhe_licitacao&amp;idlicitacao=4822\" target=\"_blank\" rel=\"noopener\">confira aqui<\/a>), que foi publicado no Di\u00e1rio Oficial da Uni\u00e3o no dia 21 de outubro, s\u00e3o dois lotes. Um deles contempla dois terrenos de aproximadamente 1.000m\u00b2 cada no bairro de Jardim Arma\u00e7\u00e3o, com valor m\u00e9dio de avalia\u00e7\u00e3o de R$ 3.050.000 e R$ 3.190.000, respectivamente. O outro lote \u00e9 a sala comercial na cidade de Ilh\u00e9us com 29,48m\u00b2 e valor m\u00e9dio de R$ 182.400,00. Os terrenos t\u00eam uma localiza\u00e7\u00e3o privilegiada, ficando a poucos metros da praia. J\u00e1 a sala comercial fica em um edif\u00edcio no Centro da cidade.<\/p>\n<p>Vale destacar que os im\u00f3veis ser\u00e3o vendidos no estado de conserva\u00e7\u00e3o em que se encontram, podendo o pagamento ser feito \u00e0 vista ou de forma parcelada, conforme as condi\u00e7\u00f5es previstas no edital. O julgamento e a classifica\u00e7\u00e3o das propostas ser\u00e3o realizados adotando-se o crit\u00e9rio de maior valor. Mais informa\u00e7\u00f5es podem ser obtidas junto ao Departamento de Planejamento e Controle (DEPLAN), com a coordenadora Dalila da Silva Barbosa Coelho, pelo e-mail dalila@cremeb.org.br ou telefone (71) 99721-6243.<\/p>\n<p>&nbsp;<\/p>\n","protected":false},"excerpt":{"rendered":"<p>O Conselho Regional de Medicina do Estado da Bahia (Cremeb) publicou o Chamamento P\u00fablico n\u00ba 029\/2025, para aliena\u00e7\u00e3o direta de [&hellip;]<\/p>\n","protected":false},"author":39,"featured_media":46285,"comment_status":"open","ping_status":"open","sticky":false,"template":"","format":"standard","meta":{"_expiration-date-status":"","_expiration-date":0,"_expiration-date-type":"","_expiration-date-categories":[],"_expiration-date-options":[]},"categories":[1,86,52],"tags":[],"acf":[],"_links":{"self":[{"href":"https:\/\/www.cremeb.org.br\/index.php\/wp-json\/wp\/v2\/posts\/46282"}],"collection":[{"href":"https:\/\/www.cremeb.org.br\/index.php\/wp-json\/wp\/v2\/posts"}],"about":[{"href":"https:\/\/www.cremeb.org.br\/index.php\/wp-json\/wp\/v2\/types\/post"}],"author":[{"embeddable":true,"href":"https:\/\/www.cremeb.org.br\/index.php\/wp-json\/wp\/v2\/users\/39"}],"replies":[{"embeddable":true,"href":"https:\/\/www.cremeb.org.br\/index.php\/wp-json\/wp\/v2\/comments?post=46282"}],"version-history":[{"count":2,"href":"https:\/\/www.cremeb.org.br\/index.php\/wp-json\/wp\/v2\/posts\/46282\/revisions"}],"predecessor-version":[{"id":46286,"href":"https:\/\/www.cremeb.org.br\/index.php\/wp-json\/wp\/v2\/posts\/46282\/revisions\/46286"}],"wp:featuredmedia":[{"embeddable":true,"href":"https:\/\/www.cremeb.org.br\/index.php\/wp-json\/wp\/v2\/media\/46285"}],"wp:attachment":[{"href":"https:\/\/www.cremeb.org.br\/index.php\/wp-json\/wp\/v2\/media?parent=46282"}],"wp:term":[{"taxonomy":"category","embeddable":true,"href":"https:\/\/www.cremeb.org.br\/index.php\/wp-json\/wp\/v2\/categories?post=46282"},{"taxonomy":"post_tag","embeddable":true,"href":"https:\/\/www.cremeb.org.br\/index.php\/wp-json\/wp\/v2\/tags?post=46282"}],"curies":[{"name":"wp","href":"https:\/\/api.w.org\/{rel}","templated":true}]}}