{"id":46231,"date":"2025-10-28T19:23:47","date_gmt":"2025-10-28T22:23:47","guid":{"rendered":"https:\/\/www.cremeb.org.br\/?p=46231"},"modified":"2026-03-24T18:17:36","modified_gmt":"2026-03-24T21:17:36","slug":"cerimonia-do-dia-do-medico-do-cremeb-entrega-oito-honrarias-em-homenagem-a-classe-medica-baiana","status":"publish","type":"post","link":"https:\/\/www.cremeb.org.br\/index.php\/noticias\/cerimonia-do-dia-do-medico-do-cremeb-entrega-oito-honrarias-em-homenagem-a-classe-medica-baiana\/","title":{"rendered":"Cerim\u00f4nia do Dia do M\u00e9dico do Cremeb entrega oito honrarias em homenagem \u00e0 classe m\u00e9dica baiana"},"content":{"rendered":"<p>A cerim\u00f4nia do Dia do M\u00e9dico 2025 contou com diversas homenagens como a entrega da Medalha de Alto M\u00e9rito Dr. Jo\u00e3o Torres \u2013 m\u00e1xima honraria do Cremeb -, entrega de Diplomas Honor\u00edficos em quatro \u00e1reas de atua\u00e7\u00e3o e tamb\u00e9m Cita\u00e7\u00f5es Elogiosas a tr\u00eas m\u00e9dicos pelos seus atos de bravura na miss\u00e3o de salvar vidas.<\/p>\n<p><a href=\"https:\/\/youtu.be\/rw2UUKlq970\" target=\"_blank\" rel=\"noopener\">Clique aqui e assista o v\u00eddeo que re\u00fane os principais momentos do evento.\u00a0<\/a><\/p>\n<p>Os Diplomas Honor\u00edficos reconheceram os m\u00e9dicos que se destacaram nas seguintes \u00e1reas: Associativa, que foi entregue ao Dr. Jos\u00e9 Carlos Brito; A\u00e7\u00e3o Social, \u00e0 Dra. Eleonora Peixinho Guimar\u00e3es; Ensino e Pesquisa, para o Dr. Solon Cavalcanti Guerra; e Assistencial, ao Dr. Ant\u00f4nio Carlos Nery. J\u00e1 a honraria m\u00e1xima do Cremeb, a Medalha de Alto M\u00e9rito Dr. Jo\u00e3o Torres, condecorou o m\u00e9dico anestesiologista Dr. Altamirando de Lima Santana por sua grande folha de servi\u00e7os prestados \u00e0 comunidade m\u00e9dica da Bahia e do Brasil. As Cita\u00e7\u00f5es Elogiosa diplomaram o casal de m\u00e9dicos Gileno J\u00fanior e Sarah Dantas, que prestaram atendimento a um passageiro em crise convulsiva durante um voo internacional, e o m\u00e9dico Matheus Mendon\u00e7a, pela sua atua\u00e7\u00e3o como m\u00e9dico do SAMU no socorro a um beb\u00ea ap\u00f3s parto prematuro.<\/p>\n","protected":false},"excerpt":{"rendered":"<p>A cerim\u00f4nia do Dia do M\u00e9dico 2025 contou com diversas homenagens como a entrega da Medalha de Alto M\u00e9rito Dr. [&hellip;]<\/p>\n","protected":false},"author":22,"featured_media":46232,"comment_status":"open","ping_status":"open","sticky":false,"template":"","format":"standard","meta":{"_expiration-date-status":"","_expiration-date":0,"_expiration-date-type":"","_expiration-date-categories":[],"_expiration-date-options":[]},"categories":[1,28,52],"tags":[],"acf":[],"_links":{"self":[{"href":"https:\/\/www.cremeb.org.br\/index.php\/wp-json\/wp\/v2\/posts\/46231"}],"collection":[{"href":"https:\/\/www.cremeb.org.br\/index.php\/wp-json\/wp\/v2\/posts"}],"about":[{"href":"https:\/\/www.cremeb.org.br\/index.php\/wp-json\/wp\/v2\/types\/post"}],"author":[{"embeddable":true,"href":"https:\/\/www.cremeb.org.br\/index.php\/wp-json\/wp\/v2\/users\/22"}],"replies":[{"embeddable":true,"href":"https:\/\/www.cremeb.org.br\/index.php\/wp-json\/wp\/v2\/comments?post=46231"}],"version-history":[{"count":2,"href":"https:\/\/www.cremeb.org.br\/index.php\/wp-json\/wp\/v2\/posts\/46231\/revisions"}],"predecessor-version":[{"id":46235,"href":"https:\/\/www.cremeb.org.br\/index.php\/wp-json\/wp\/v2\/posts\/46231\/revisions\/46235"}],"wp:featuredmedia":[{"embeddable":true,"href":"https:\/\/www.cremeb.org.br\/index.php\/wp-json\/wp\/v2\/media\/46232"}],"wp:attachment":[{"href":"https:\/\/www.cremeb.org.br\/index.php\/wp-json\/wp\/v2\/media?parent=46231"}],"wp:term":[{"taxonomy":"category","embeddable":true,"href":"https:\/\/www.cremeb.org.br\/index.php\/wp-json\/wp\/v2\/categories?post=46231"},{"taxonomy":"post_tag","embeddable":true,"href":"https:\/\/www.cremeb.org.br\/index.php\/wp-json\/wp\/v2\/tags?post=46231"}],"curies":[{"name":"wp","href":"https:\/\/api.w.org\/{rel}","templated":true}]}}