{"id":46229,"date":"2025-10-28T16:18:36","date_gmt":"2025-10-28T19:18:36","guid":{"rendered":"https:\/\/www.cremeb.org.br\/?p=46229"},"modified":"2025-10-28T16:18:36","modified_gmt":"2025-10-28T19:18:36","slug":"nota-de-pesar-cremeb-lamenta-falecimento-do-medico-leonardo-blanco-xavier","status":"publish","type":"post","link":"https:\/\/www.cremeb.org.br\/index.php\/obituario\/nota-de-pesar-cremeb-lamenta-falecimento-do-medico-leonardo-blanco-xavier\/","title":{"rendered":"Nota de pesar: Cremeb lamenta falecimento do m\u00e9dico Leonardo Blanco Xavier"},"content":{"rendered":"<p>\u00c9 com profundo pesar que o Conselho Regional de Medicina do Estado da Bahia (Cremeb) recebe a not\u00edcia de falecimento do m\u00e9dico Leonardo Blanco Xavier, aos 54 anos, na \u00faltima segunda-feira (27), em Salvador (BA). Natural de Jequi\u00e9, munic\u00edpio no sudoeste baiano, Dr. Leonardo Xavier formou-se m\u00e9dico na Escola Bahiana de Medicina e Sa\u00fade P\u00fablica, na turma de 1997, e exercia a especialidade m\u00e9dica de Ortopedia e Traumatologia.<\/p>\n<p>Na sua cidade natal, Dr. Leonardo Xavier se destacou pelos trabalhos desenvolvidos no Hospital Geral Prado Valadares e tamb\u00e9m na cl\u00ednica OrthoPhD, onde era s\u00f3cio e cofundador. Ambas unidades manifestaram luto pela passagem do m\u00e9dico em suas redes sociais, registrando o legado deixado no atendimento \u00e0 popula\u00e7\u00e3o e enviando condol\u00eancias \u00e0 fam\u00edlia.<\/p>\n<p>Aos amigos, colegas e familiares do m\u00e9dico ortopedista Dr. Leonardo Blanco Xavier, o Cremeb expressa o seu pesar e a sua solidariedade.<\/p>\n","protected":false},"excerpt":{"rendered":"<p>\u00c9 com profundo pesar que o Conselho Regional de Medicina do Estado da Bahia (Cremeb) recebe a not\u00edcia de falecimento [&hellip;]<\/p>\n","protected":false},"author":22,"featured_media":27530,"comment_status":"open","ping_status":"open","sticky":false,"template":"","format":"standard","meta":{"_expiration-date-status":"","_expiration-date":0,"_expiration-date-type":"","_expiration-date-categories":[],"_expiration-date-options":[]},"categories":[67],"tags":[],"acf":[],"_links":{"self":[{"href":"https:\/\/www.cremeb.org.br\/index.php\/wp-json\/wp\/v2\/posts\/46229"}],"collection":[{"href":"https:\/\/www.cremeb.org.br\/index.php\/wp-json\/wp\/v2\/posts"}],"about":[{"href":"https:\/\/www.cremeb.org.br\/index.php\/wp-json\/wp\/v2\/types\/post"}],"author":[{"embeddable":true,"href":"https:\/\/www.cremeb.org.br\/index.php\/wp-json\/wp\/v2\/users\/22"}],"replies":[{"embeddable":true,"href":"https:\/\/www.cremeb.org.br\/index.php\/wp-json\/wp\/v2\/comments?post=46229"}],"version-history":[{"count":1,"href":"https:\/\/www.cremeb.org.br\/index.php\/wp-json\/wp\/v2\/posts\/46229\/revisions"}],"predecessor-version":[{"id":46230,"href":"https:\/\/www.cremeb.org.br\/index.php\/wp-json\/wp\/v2\/posts\/46229\/revisions\/46230"}],"wp:featuredmedia":[{"embeddable":true,"href":"https:\/\/www.cremeb.org.br\/index.php\/wp-json\/wp\/v2\/media\/27530"}],"wp:attachment":[{"href":"https:\/\/www.cremeb.org.br\/index.php\/wp-json\/wp\/v2\/media?parent=46229"}],"wp:term":[{"taxonomy":"category","embeddable":true,"href":"https:\/\/www.cremeb.org.br\/index.php\/wp-json\/wp\/v2\/categories?post=46229"},{"taxonomy":"post_tag","embeddable":true,"href":"https:\/\/www.cremeb.org.br\/index.php\/wp-json\/wp\/v2\/tags?post=46229"}],"curies":[{"name":"wp","href":"https:\/\/api.w.org\/{rel}","templated":true}]}}