{"id":46217,"date":"2025-10-24T11:31:23","date_gmt":"2025-10-24T14:31:23","guid":{"rendered":"https:\/\/www.cremeb.org.br\/?p=46217"},"modified":"2026-03-24T18:17:48","modified_gmt":"2026-03-24T21:17:48","slug":"etica-e-essencial-para-a-sustentabilidade-da-saude-afirma-presidente-do-cremeb","status":"publish","type":"post","link":"https:\/\/www.cremeb.org.br\/index.php\/noticias\/etica-e-essencial-para-a-sustentabilidade-da-saude-afirma-presidente-do-cremeb\/","title":{"rendered":"\u201c\u00c9tica \u00e9 essencial para a sustentabilidade da sa\u00fade\u201d, afirma presidente do Cremeb"},"content":{"rendered":"<p>O presidente do Conselho Regional de Medicina do Estado da Bahia (Cremeb), conselheiro Ot\u00e1vio Marambaia, participou, na noite de quarta-feira (22), do Bahia Meeting, evento que reuniu m\u00e9dicos, empres\u00e1rios e lideran\u00e7as do setor da sa\u00fade. A iniciativa foi promovida pelo Grupo A TARDE e pelo portal Anota Bahia e aconteceu no Restaurante Bistrot Trapiche Adega, em Salvador.<\/p>\n<p><a href=\"https:\/\/www.cremeb.org.br\/wp-content\/uploads\/2025\/10\/lsp_b461f9b8fbc727b20a2ab1d2c5ac9142_241025-022128.png\"><img decoding=\"async\" loading=\"lazy\" class=\"aligncenter wp-image-46218 size-medium\" src=\"https:\/\/www.cremeb.org.br\/wp-content\/uploads\/2025\/10\/lsp_b461f9b8fbc727b20a2ab1d2c5ac9142_241025-022128-403x249.png\" alt=\"\" width=\"403\" height=\"249\" srcset=\"https:\/\/www.cremeb.org.br\/wp-content\/uploads\/2025\/10\/lsp_b461f9b8fbc727b20a2ab1d2c5ac9142_241025-022128-403x249.png 403w, https:\/\/www.cremeb.org.br\/wp-content\/uploads\/2025\/10\/lsp_b461f9b8fbc727b20a2ab1d2c5ac9142_241025-022128-768x475.png 768w, https:\/\/www.cremeb.org.br\/wp-content\/uploads\/2025\/10\/lsp_b461f9b8fbc727b20a2ab1d2c5ac9142_241025-022128.png 792w\" sizes=\"(max-width: 403px) 100vw, 403px\" \/><\/a><br \/>\nCom o tema \u201cSa\u00fade integrada: o desafio de unir medicina, bem-estar e sustentabilidade\u201d, o encontro promoveu um debate sobre pr\u00e1ticas preventivas e gest\u00e3o respons\u00e1vel de recursos, destacando caminhos para a transforma\u00e7\u00e3o da sa\u00fade na Bahia e no Brasil. O uso da tecnologia como aliada na melhoria dos servi\u00e7os de sa\u00fade tamb\u00e9m esteve entre os assuntos abordados.<\/p>\n<p>Durante o encontro, Dr. Marambaia explicou sobre o papel do Conselho e, dentre as reflex\u00f5es propostas por ele, ratificou a import\u00e2ncia da \u00e9tica como sustentabilidade do sistema de sa\u00fade. \u201cA \u00e9tica \u00e9 um compromisso civilizat\u00f3rio. N\u00e3o fazer o mal, fazer o bem, respeitar a autonomia e a Justi\u00e7a s\u00e3o os quatro princ\u00edpios basilares da \u00e9tica. Para que o sistema de sa\u00fade funcione, a \u00e9tica deveria ser a medida de todas as coisas\u201d, declarou ele.<\/p>\n<p>Al\u00e9m do presidente do Cremeb, tamb\u00e9m participaram do debate o presidente da Associa\u00e7\u00e3o Brasileira para o Estudo da Obesidade e da S\u00edndrome Metab\u00f3lica (Abeso), Dr. F\u00e1bio Trujilho, e gestora regional da Sabin Diagn\u00f3stico e Sa\u00fade, a farmac\u00eautica Agnaluce Moreira.<\/p>\n<p>&nbsp;<\/p>\n<p><a href=\"https:\/\/www.cremeb.org.br\/wp-content\/uploads\/2025\/10\/lsp_7f46b779de97303d25dcd386d09ada9d_241025-022837-scaled.jpg\"><img decoding=\"async\" loading=\"lazy\" class=\"aligncenter wp-image-46220 size-medium\" src=\"https:\/\/www.cremeb.org.br\/wp-content\/uploads\/2025\/10\/lsp_7f46b779de97303d25dcd386d09ada9d_241025-022837-357x268.jpg\" alt=\"\" width=\"357\" height=\"268\" srcset=\"https:\/\/www.cremeb.org.br\/wp-content\/uploads\/2025\/10\/lsp_7f46b779de97303d25dcd386d09ada9d_241025-022837-357x268.jpg 357w, https:\/\/www.cremeb.org.br\/wp-content\/uploads\/2025\/10\/lsp_7f46b779de97303d25dcd386d09ada9d_241025-022837-1024x768.jpg 1024w, https:\/\/www.cremeb.org.br\/wp-content\/uploads\/2025\/10\/lsp_7f46b779de97303d25dcd386d09ada9d_241025-022837-768x576.jpg 768w, https:\/\/www.cremeb.org.br\/wp-content\/uploads\/2025\/10\/lsp_7f46b779de97303d25dcd386d09ada9d_241025-022837-1536x1152.jpg 1536w, https:\/\/www.cremeb.org.br\/wp-content\/uploads\/2025\/10\/lsp_7f46b779de97303d25dcd386d09ada9d_241025-022837-2048x1536.jpg 2048w\" sizes=\"(max-width: 357px) 100vw, 357px\" \/><\/a><\/p>\n<p>&nbsp;<\/p>\n<p>&nbsp;<\/p>\n","protected":false},"excerpt":{"rendered":"<p>O presidente do Conselho Regional de Medicina do Estado da Bahia (Cremeb), conselheiro Ot\u00e1vio Marambaia, participou, na noite de quarta-feira [&hellip;]<\/p>\n","protected":false},"author":39,"featured_media":46222,"comment_status":"open","ping_status":"open","sticky":false,"template":"","format":"standard","meta":{"_expiration-date-status":"","_expiration-date":0,"_expiration-date-type":"","_expiration-date-categories":[],"_expiration-date-options":[]},"categories":[1,86,52],"tags":[],"acf":[],"_links":{"self":[{"href":"https:\/\/www.cremeb.org.br\/index.php\/wp-json\/wp\/v2\/posts\/46217"}],"collection":[{"href":"https:\/\/www.cremeb.org.br\/index.php\/wp-json\/wp\/v2\/posts"}],"about":[{"href":"https:\/\/www.cremeb.org.br\/index.php\/wp-json\/wp\/v2\/types\/post"}],"author":[{"embeddable":true,"href":"https:\/\/www.cremeb.org.br\/index.php\/wp-json\/wp\/v2\/users\/39"}],"replies":[{"embeddable":true,"href":"https:\/\/www.cremeb.org.br\/index.php\/wp-json\/wp\/v2\/comments?post=46217"}],"version-history":[{"count":1,"href":"https:\/\/www.cremeb.org.br\/index.php\/wp-json\/wp\/v2\/posts\/46217\/revisions"}],"predecessor-version":[{"id":46221,"href":"https:\/\/www.cremeb.org.br\/index.php\/wp-json\/wp\/v2\/posts\/46217\/revisions\/46221"}],"wp:featuredmedia":[{"embeddable":true,"href":"https:\/\/www.cremeb.org.br\/index.php\/wp-json\/wp\/v2\/media\/46222"}],"wp:attachment":[{"href":"https:\/\/www.cremeb.org.br\/index.php\/wp-json\/wp\/v2\/media?parent=46217"}],"wp:term":[{"taxonomy":"category","embeddable":true,"href":"https:\/\/www.cremeb.org.br\/index.php\/wp-json\/wp\/v2\/categories?post=46217"},{"taxonomy":"post_tag","embeddable":true,"href":"https:\/\/www.cremeb.org.br\/index.php\/wp-json\/wp\/v2\/tags?post=46217"}],"curies":[{"name":"wp","href":"https:\/\/api.w.org\/{rel}","templated":true}]}}