{"id":46193,"date":"2025-10-23T12:27:55","date_gmt":"2025-10-23T15:27:55","guid":{"rendered":"https:\/\/www.cremeb.org.br\/?p=46193"},"modified":"2025-10-23T12:28:11","modified_gmt":"2025-10-23T15:28:11","slug":"nota-de-pesar-cremeb-lamenta-falecimento-do-medico-ortopedista-laureano-duran-garcia-neto","status":"publish","type":"post","link":"https:\/\/www.cremeb.org.br\/index.php\/obituario\/nota-de-pesar-cremeb-lamenta-falecimento-do-medico-ortopedista-laureano-duran-garcia-neto\/","title":{"rendered":"Nota de pesar: Cremeb lamenta falecimento do m\u00e9dico ortopedista Laureano Duran Garcia Neto"},"content":{"rendered":"<p class=\"selectable-text copyable-text x15bjb6t x1n2onr6\"><span class=\"selectable-text copyable-text xkrh14z\">O Conselho Regional de Medicina do Estado da Bahia (Cremeb) recebe com pesar a not\u00edcia do falecimento do m\u00e9dico Laureano Duran Garcia Neto, aos 75 anos. Natural de Salvador, Dr. Laureano Garcia formou-se em Medicina pela Universidade Federal da Bahia (UFBA), em 1978, e tornou-se refer\u00eancia na especialidade de ortopedia.<\/span><\/p>\n<p class=\"selectable-text copyable-text x15bjb6t x1n2onr6\"><span class=\"selectable-text copyable-text xkrh14z\">\u201cHoje, me despe\u00e7o, com o cora\u00e7\u00e3o apertado, do meu irm\u00e3o, amigo e exemplo maior de m\u00e9dico e ser humano. Nosso Lori, o brilhante ortopedista, o mestre na arte de ensinar e o maior maestro da sala cir\u00fargica que j\u00e1 conheci. Dotado de uma habilidade cir\u00fargica \u00edmpar, de um conhecimento anat\u00f4mico e ortop\u00e9dico fora do comum, Lori unia tudo isso \u00e0 sua marca registrada: humildade e bom humor. Transformava o dif\u00edcil em simples, o tenso em leve\u201d, declarou o irm\u00e3o de Dr. Laureano, o m\u00e9dico ortopedista e ex-conselheiro do Cremeb Fernando Cal Garcia.<\/span><\/p>\n<p class=\"selectable-text copyable-text x15bjb6t x1n2onr6\"><span class=\"selectable-text copyable-text xkrh14z\">\u201c\u00c9 muito f\u00e1cil falar de uma pessoa que sempre foi querida por onde passou e tenho certeza que Laureano Garcia (Laure) era assim: bom em tudo que fazia, fosse na medicina ou com os amigos. Deixa uma saudade imensa\u201d, disse o m\u00e9dico cardiologista Maur\u00edcio Nunes.<\/span><\/p>\n<p class=\"selectable-text copyable-text x15bjb6t x1n2onr6\"><span class=\"selectable-text copyable-text xkrh14z\">Aos familiares, amigos e colegas do m\u00e9dico Laureano Duran Garcia Neto, o Cremeb expressa seu pesar e a sua solidariedade. O vel\u00f3rio acontece amanh\u00e3 (24), com missa \u00e0s 9h30 e crema\u00e7\u00e3o \u00e0s 10h30, no Cemit\u00e9rio Jardim da Saudade, em Salvador.<\/span><\/p>\n","protected":false},"excerpt":{"rendered":"<p>O Conselho Regional de Medicina do Estado da Bahia (Cremeb) recebe com pesar a not\u00edcia do falecimento do m\u00e9dico Laureano [&hellip;]<\/p>\n","protected":false},"author":39,"featured_media":27530,"comment_status":"open","ping_status":"open","sticky":false,"template":"","format":"standard","meta":{"_expiration-date-status":"","_expiration-date":0,"_expiration-date-type":"","_expiration-date-categories":[],"_expiration-date-options":[]},"categories":[67],"tags":[],"acf":[],"_links":{"self":[{"href":"https:\/\/www.cremeb.org.br\/index.php\/wp-json\/wp\/v2\/posts\/46193"}],"collection":[{"href":"https:\/\/www.cremeb.org.br\/index.php\/wp-json\/wp\/v2\/posts"}],"about":[{"href":"https:\/\/www.cremeb.org.br\/index.php\/wp-json\/wp\/v2\/types\/post"}],"author":[{"embeddable":true,"href":"https:\/\/www.cremeb.org.br\/index.php\/wp-json\/wp\/v2\/users\/39"}],"replies":[{"embeddable":true,"href":"https:\/\/www.cremeb.org.br\/index.php\/wp-json\/wp\/v2\/comments?post=46193"}],"version-history":[{"count":2,"href":"https:\/\/www.cremeb.org.br\/index.php\/wp-json\/wp\/v2\/posts\/46193\/revisions"}],"predecessor-version":[{"id":46195,"href":"https:\/\/www.cremeb.org.br\/index.php\/wp-json\/wp\/v2\/posts\/46193\/revisions\/46195"}],"wp:featuredmedia":[{"embeddable":true,"href":"https:\/\/www.cremeb.org.br\/index.php\/wp-json\/wp\/v2\/media\/27530"}],"wp:attachment":[{"href":"https:\/\/www.cremeb.org.br\/index.php\/wp-json\/wp\/v2\/media?parent=46193"}],"wp:term":[{"taxonomy":"category","embeddable":true,"href":"https:\/\/www.cremeb.org.br\/index.php\/wp-json\/wp\/v2\/categories?post=46193"},{"taxonomy":"post_tag","embeddable":true,"href":"https:\/\/www.cremeb.org.br\/index.php\/wp-json\/wp\/v2\/tags?post=46193"}],"curies":[{"name":"wp","href":"https:\/\/api.w.org\/{rel}","templated":true}]}}