{"id":46161,"date":"2025-10-16T18:31:38","date_gmt":"2025-10-16T21:31:38","guid":{"rendered":"https:\/\/www.cremeb.org.br\/?p=46161"},"modified":"2026-03-24T18:17:57","modified_gmt":"2026-03-24T21:17:57","slug":"dia-do-medico-2025-eventos-e-homenagens-marcam-eventos-do-cremeb-em-honra-a-classe-medica-baiana","status":"publish","type":"post","link":"https:\/\/www.cremeb.org.br\/index.php\/noticias\/dia-do-medico-2025-eventos-e-homenagens-marcam-eventos-do-cremeb-em-honra-a-classe-medica-baiana\/","title":{"rendered":"Dia do M\u00e9dico 2025: eventos e homenagens marcam eventos do Cremeb em honra a classe m\u00e9dica baiana"},"content":{"rendered":"<p>Duas noites especiais para celebrar a dedica\u00e7\u00e3o, empenho e, sobretudo, o amor da classe m\u00e9dica pelo exerc\u00edcio da sua profiss\u00e3o. A primeira Solenidade em comemora\u00e7\u00e3o do Dia do M\u00e9dico, acontece amanh\u00e3, sexta-feira (17), \u00e0s 19h30, na Casa Salvatore, em Salvador. A cerim\u00f4nia contar\u00e1 com diversas homenagens como a entrega da Medalha de Alto M\u00e9rito Dr. Jo\u00e3o Torres &#8211; m\u00e1xima honraria do Cremeb -, entrega de Diplomas Honor\u00edficos em quatro \u00e1reas de atua\u00e7\u00e3o e tamb\u00e9m Cita\u00e7\u00f5es Elogiosas a tr\u00eas m\u00e9dicos pelos seus atos de bravura na miss\u00e3o de salvar vidas. Logo em seguida, no s\u00e1bado (18), \u00e0s 19h, a Cerim\u00f4nia de M\u00e9rito Profissional vai celebrar os 50 anos de exerc\u00edcio ininterruptos da profiss\u00e3o por 253 m\u00e9dicos que ser\u00e3o distinguidos com o Diploma de M\u00e9rito Profissional, tamb\u00e9m na Casa Salvatore.<\/p>\n<p>No dia 17, os Diplomas Honor\u00edficos ir\u00e3o reconhecer os m\u00e9dicos que se destacaram nas seguintes \u00e1reas: Associativa, que ser\u00e1 entregue ao Dr. Jos\u00e9 Carlos Brito; A\u00e7\u00e3o Social, \u00e0 Dra. Eleonora Peixinho Guimar\u00e3es; Ensino e Pesquisa, para o Dr. Solon Cavalcanti Guerra; e Assistencial, ao Dr. Ant\u00f4nio Carlos Nery. J\u00e1 a honraria m\u00e1xima do Cremeb, a Medalha de Alto M\u00e9rito Dr. Jo\u00e3o Torres, ir\u00e1 condecorar o m\u00e9dico anestesiologista Dr. Altamirando de Lima Santana por sua grande folha de servi\u00e7os prestados \u00e0 comunidade m\u00e9dica da Bahia e do Brasil. As Cita\u00e7\u00f5es Elogiosas ir\u00e3o diplomar o casal de m\u00e9dicos Gileno J\u00fanior e Sarah Dantas, que prestaram atendimento a um passageiro em crise convulsiva durante um voo internacional, e o m\u00e9dico Matheus Mendon\u00e7a, pela sua atua\u00e7\u00e3o como m\u00e9dico do SAMU no socorro a um beb\u00ea ap\u00f3s parto prematuro.<\/p>\n<p>&#8220;\u00c9 com muita honra que o Cremeb re\u00fane a classe m\u00e9dica, em duas datas, para celebrar o Dia do M\u00e9dico, para homenagear os colegas que se destacaram em suas atua\u00e7\u00f5es e reverenciar \u00e0queles que se dedicaram \u00e0 Medicina por cinco d\u00e9cadas. N\u00f3s sabemos que esses reconhecimentos n\u00e3o se limitam a estes m\u00e9dicos representados nestas noites, mas tamb\u00e9m enaltece todo trabalho daqueles colegas que t\u00eam a \u00e9tica como norte para o desenvolvimento das suas atividades e que est\u00e3o realmente comprometidos em prestar o melhor atendimento poss\u00edvel aos pacientes&#8221;, estende a parabeniza\u00e7\u00e3o \u00e0 toda classe m\u00e9dica o presidente do Cremeb, Dr. Ot\u00e1vio Marambaia.<\/p>\n<p>Al\u00e9m das homenagens, no primeiro dia de celebra\u00e7\u00e3o haver\u00e1 uma apresenta\u00e7\u00e3o especial do grupo de C\u00e2mara da Orquestra Sinf\u00f4nica da Bahia (OSBA), que ir\u00e1 proporcionar um concerto dedicado \u00e0 classe m\u00e9dica baiana, e tamb\u00e9m a transmiss\u00e3o do cargo de coordenador do Conselho Superior das Entidades M\u00e9dicas da Bahia (Cosemba) \u2013 institu\u00eddo pelo Cremeb, Associa\u00e7\u00e3o Bahiana de Medicina (ABM) e Sindicato dos M\u00e9dicos do Estado da Bahia (Sindimed). Ap\u00f3s ficar \u00e0 frente do Cosemba durante um ano, o Sindimed passar\u00e1 a coordena\u00e7\u00e3o para o Cremeb, conforme regimento interno, que prev\u00ea um rod\u00edzio anual entre as tr\u00eas entidades. Ambos eventos, realizados pelo Cremeb, ser\u00e3o transmitidos pelo YouTube e contam com Apoio Ouro da Unicred Evolu\u00e7\u00e3o, e Apoio Institucional do Banco do Brasil.<\/p>\n","protected":false},"excerpt":{"rendered":"<p>Duas noites especiais para celebrar a dedica\u00e7\u00e3o, empenho e, sobretudo, o amor da classe m\u00e9dica pelo exerc\u00edcio da sua profiss\u00e3o. [&hellip;]<\/p>\n","protected":false},"author":22,"featured_media":46163,"comment_status":"open","ping_status":"open","sticky":false,"template":"","format":"standard","meta":{"_expiration-date-status":"","_expiration-date":0,"_expiration-date-type":"","_expiration-date-categories":[],"_expiration-date-options":[]},"categories":[1,28,52],"tags":[],"acf":[],"_links":{"self":[{"href":"https:\/\/www.cremeb.org.br\/index.php\/wp-json\/wp\/v2\/posts\/46161"}],"collection":[{"href":"https:\/\/www.cremeb.org.br\/index.php\/wp-json\/wp\/v2\/posts"}],"about":[{"href":"https:\/\/www.cremeb.org.br\/index.php\/wp-json\/wp\/v2\/types\/post"}],"author":[{"embeddable":true,"href":"https:\/\/www.cremeb.org.br\/index.php\/wp-json\/wp\/v2\/users\/22"}],"replies":[{"embeddable":true,"href":"https:\/\/www.cremeb.org.br\/index.php\/wp-json\/wp\/v2\/comments?post=46161"}],"version-history":[{"count":5,"href":"https:\/\/www.cremeb.org.br\/index.php\/wp-json\/wp\/v2\/posts\/46161\/revisions"}],"predecessor-version":[{"id":46168,"href":"https:\/\/www.cremeb.org.br\/index.php\/wp-json\/wp\/v2\/posts\/46161\/revisions\/46168"}],"wp:featuredmedia":[{"embeddable":true,"href":"https:\/\/www.cremeb.org.br\/index.php\/wp-json\/wp\/v2\/media\/46163"}],"wp:attachment":[{"href":"https:\/\/www.cremeb.org.br\/index.php\/wp-json\/wp\/v2\/media?parent=46161"}],"wp:term":[{"taxonomy":"category","embeddable":true,"href":"https:\/\/www.cremeb.org.br\/index.php\/wp-json\/wp\/v2\/categories?post=46161"},{"taxonomy":"post_tag","embeddable":true,"href":"https:\/\/www.cremeb.org.br\/index.php\/wp-json\/wp\/v2\/tags?post=46161"}],"curies":[{"name":"wp","href":"https:\/\/api.w.org\/{rel}","templated":true}]}}