{"id":46137,"date":"2025-10-14T10:44:17","date_gmt":"2025-10-14T13:44:17","guid":{"rendered":"https:\/\/www.cremeb.org.br\/?p=46137"},"modified":"2025-10-14T12:33:41","modified_gmt":"2025-10-14T15:33:41","slug":"nota-de-pesar-cremeb-lamenta-falecimento-do-medico-e-ex-conselheiro-adilson-peixoto-sampaio","status":"publish","type":"post","link":"https:\/\/www.cremeb.org.br\/index.php\/obituario\/nota-de-pesar-cremeb-lamenta-falecimento-do-medico-e-ex-conselheiro-adilson-peixoto-sampaio\/","title":{"rendered":"Nota de pesar: Cremeb lamenta falecimento do m\u00e9dico e ex-conselheiro Adilson Peixoto Sampaio"},"content":{"rendered":"<p>O Conselho Regional de Medicina do Estado da Bahia (Cremeb) informa com pesar o falecimento do m\u00e9dico Adilson Peixoto Sampaio, aos 97 anos, na madrugada desta ter\u00e7a-feira, em Salvador. Natural do munic\u00edpio de Laje, no centro-sul baiano, Dr. Adilson Sampaio formou-se m\u00e9dico na Universidade Federal da Bahia (UFBA), na turma de 53, e virou refer\u00eancia no ensino e pesquisa na especialidade de psiquiatria, sendo considerado um dos pioneiros no tratamento de sa\u00fade mental no Brasil.<\/p>\n<p>Por completar 50 anos de exerc\u00edcio ininterruptos da Medicina sem nenhuma infra\u00e7\u00e3o \u00e9tica, recebeu do Cremeb o Diploma de M\u00e9rito \u00c9tico-Profissional, em 2003. Nesta autarquia, colaborou com o desenvolvimento \u00e9tico da Medicina ao compor o quadro de conselheiros da 4\u00aa gest\u00e3o da entidade, entre os anos de 1973 e 1978. Durante a sua carreira, dedicou-se tamb\u00e9m ao ensino da psiquiatria, tendo sido intitulado professor em\u00e9rito da Faculdade de Medicina da UFBA.<\/p>\n<p>&#8220;Perde a Bahia um dos m\u00e9dicos mais brilhantes que se dedicaram a cuidar da sa\u00fade mental. Intelig\u00eancia privilegiada, vastos conhecimentos gerais, de psiquiatria e de qu\u00edmica. Sempre me impressionou pelo fato de se dedicar a duas vertentes do conhecimento humano aparentemente t\u00e3o diversas. Suas aulas impressionavam pela riqueza de conhecimentos que demonstrava. Ao lado disso, agradava muito a simpatia, o modo atencioso e paciente como atendia os alunos&#8221;, registra o conselheiro decano do Cremeb, Dr. Jorge Cerqueira.<\/p>\n<p>Aos familiares, amigos e colegas do m\u00e9dico Adilson Peixoto Sampaio, o Cremeb expressa o seu pesar e a sua solidariedade. O vel\u00f3rio acontece hoje (14), a partir das 9h, com crema\u00e7\u00e3o prevista para \u00e0s 16h30, no cemit\u00e9rio Jardim da Saudade, em Salvador.<\/p>\n","protected":false},"excerpt":{"rendered":"<p>O Conselho Regional de Medicina do Estado da Bahia (Cremeb) informa com pesar o falecimento do m\u00e9dico Adilson Peixoto Sampaio, [&hellip;]<\/p>\n","protected":false},"author":22,"featured_media":27530,"comment_status":"open","ping_status":"open","sticky":false,"template":"","format":"standard","meta":{"_expiration-date-status":"","_expiration-date":0,"_expiration-date-type":"","_expiration-date-categories":[],"_expiration-date-options":[]},"categories":[67],"tags":[],"acf":[],"_links":{"self":[{"href":"https:\/\/www.cremeb.org.br\/index.php\/wp-json\/wp\/v2\/posts\/46137"}],"collection":[{"href":"https:\/\/www.cremeb.org.br\/index.php\/wp-json\/wp\/v2\/posts"}],"about":[{"href":"https:\/\/www.cremeb.org.br\/index.php\/wp-json\/wp\/v2\/types\/post"}],"author":[{"embeddable":true,"href":"https:\/\/www.cremeb.org.br\/index.php\/wp-json\/wp\/v2\/users\/22"}],"replies":[{"embeddable":true,"href":"https:\/\/www.cremeb.org.br\/index.php\/wp-json\/wp\/v2\/comments?post=46137"}],"version-history":[{"count":3,"href":"https:\/\/www.cremeb.org.br\/index.php\/wp-json\/wp\/v2\/posts\/46137\/revisions"}],"predecessor-version":[{"id":46140,"href":"https:\/\/www.cremeb.org.br\/index.php\/wp-json\/wp\/v2\/posts\/46137\/revisions\/46140"}],"wp:featuredmedia":[{"embeddable":true,"href":"https:\/\/www.cremeb.org.br\/index.php\/wp-json\/wp\/v2\/media\/27530"}],"wp:attachment":[{"href":"https:\/\/www.cremeb.org.br\/index.php\/wp-json\/wp\/v2\/media?parent=46137"}],"wp:term":[{"taxonomy":"category","embeddable":true,"href":"https:\/\/www.cremeb.org.br\/index.php\/wp-json\/wp\/v2\/categories?post=46137"},{"taxonomy":"post_tag","embeddable":true,"href":"https:\/\/www.cremeb.org.br\/index.php\/wp-json\/wp\/v2\/tags?post=46137"}],"curies":[{"name":"wp","href":"https:\/\/api.w.org\/{rel}","templated":true}]}}