{"id":46117,"date":"2025-10-08T15:09:28","date_gmt":"2025-10-08T18:09:28","guid":{"rendered":"https:\/\/www.cremeb.org.br\/?p=46117"},"modified":"2025-10-08T15:16:00","modified_gmt":"2025-10-08T18:16:00","slug":"nota-de-pesar-cremeb-lamenta-falecimento-do-medico-e-artista-plastico-cesar-romero","status":"publish","type":"post","link":"https:\/\/www.cremeb.org.br\/index.php\/obituario\/nota-de-pesar-cremeb-lamenta-falecimento-do-medico-e-artista-plastico-cesar-romero\/","title":{"rendered":"Nota de pesar: Cremeb lamenta falecimento do m\u00e9dico e artista pl\u00e1stico C\u00e9sar Romero"},"content":{"rendered":"<p>\u00c9 tomado de profunda tristeza que o Conselho Regional de Medicina do Estado da Bahia (Cremeb) recebe a not\u00edcia de falecimento do m\u00e9dico C\u00e9sar Romero de Oliveira Cordeiro, aos 74 anos, na noite da \u00faltima ter\u00e7a-feira (7), em Salvador. Natural de Feira de Santana, interior baiano, Dr. C\u00e9sar Romero formou-se m\u00e9dico na Universidade Federal da Bahia (UFBA), na turma de 1974, e recebeu das m\u00e3os deste Conselho, em 2024, o Diploma de M\u00e9rito \u00c9tico-Profissional pela dedica\u00e7\u00e3o e zelo demonstrados no exerc\u00edcio ininterrupto da profiss\u00e3o h\u00e1 50 anos.<\/p>\n<p>Al\u00e9m de m\u00e9dico psiquiatra, Dr. C\u00e9sar Romero ficou conhecido pela sua trajet\u00f3ria como artista pl\u00e1stico, fot\u00f3grafo e cr\u00edtico da arte, reverenciado por retratar a cultura popular nordestina e os s\u00edmbolos afro-brasileiro em suas obras. Em not\u00e1vel demonstra\u00e7\u00e3o de respeito ao Cremeb e \u00e0 classe m\u00e9dica, presenteou a autarquia com um dos quadros que integra a s\u00e9rie de obras intitulada de &#8220;Faixa Emblem\u00e1tica&#8221;, instalado na sede da entidade, na capital baiana.<\/p>\n<p>Aos amigos e familiares do m\u00e9dico e artista pl\u00e1stico C\u00e9sar Romero de Oliveira Cordeiro, o Cremeb expressa o seu pesar e a sua solidariedade.<\/p>\n<p>&nbsp;<\/p>\n<p><img decoding=\"async\" loading=\"lazy\" class=\"alignnone size-medium wp-image-46120 aligncenter\" src=\"https:\/\/www.cremeb.org.br\/wp-content\/uploads\/2025\/10\/lsp_d1bf3e17deed77e84332078cc0c7b87b_081025-061459-338x268.jpeg\" alt=\"\" width=\"338\" height=\"268\" srcset=\"https:\/\/www.cremeb.org.br\/wp-content\/uploads\/2025\/10\/lsp_d1bf3e17deed77e84332078cc0c7b87b_081025-061459-338x268.jpeg 338w, https:\/\/www.cremeb.org.br\/wp-content\/uploads\/2025\/10\/lsp_d1bf3e17deed77e84332078cc0c7b87b_081025-061459-1024x813.jpeg 1024w, https:\/\/www.cremeb.org.br\/wp-content\/uploads\/2025\/10\/lsp_d1bf3e17deed77e84332078cc0c7b87b_081025-061459-768x610.jpeg 768w, https:\/\/www.cremeb.org.br\/wp-content\/uploads\/2025\/10\/lsp_d1bf3e17deed77e84332078cc0c7b87b_081025-061459-1536x1219.jpeg 1536w, https:\/\/www.cremeb.org.br\/wp-content\/uploads\/2025\/10\/lsp_d1bf3e17deed77e84332078cc0c7b87b_081025-061459-2048x1626.jpeg 2048w\" sizes=\"(max-width: 338px) 100vw, 338px\" \/><\/p>\n","protected":false},"excerpt":{"rendered":"<p>\u00c9 tomado de profunda tristeza que o Conselho Regional de Medicina do Estado da Bahia (Cremeb) recebe a not\u00edcia de [&hellip;]<\/p>\n","protected":false},"author":22,"featured_media":27530,"comment_status":"open","ping_status":"open","sticky":false,"template":"","format":"standard","meta":{"_expiration-date-status":"","_expiration-date":0,"_expiration-date-type":"","_expiration-date-categories":[],"_expiration-date-options":[]},"categories":[67],"tags":[],"acf":[],"_links":{"self":[{"href":"https:\/\/www.cremeb.org.br\/index.php\/wp-json\/wp\/v2\/posts\/46117"}],"collection":[{"href":"https:\/\/www.cremeb.org.br\/index.php\/wp-json\/wp\/v2\/posts"}],"about":[{"href":"https:\/\/www.cremeb.org.br\/index.php\/wp-json\/wp\/v2\/types\/post"}],"author":[{"embeddable":true,"href":"https:\/\/www.cremeb.org.br\/index.php\/wp-json\/wp\/v2\/users\/22"}],"replies":[{"embeddable":true,"href":"https:\/\/www.cremeb.org.br\/index.php\/wp-json\/wp\/v2\/comments?post=46117"}],"version-history":[{"count":3,"href":"https:\/\/www.cremeb.org.br\/index.php\/wp-json\/wp\/v2\/posts\/46117\/revisions"}],"predecessor-version":[{"id":46121,"href":"https:\/\/www.cremeb.org.br\/index.php\/wp-json\/wp\/v2\/posts\/46117\/revisions\/46121"}],"wp:featuredmedia":[{"embeddable":true,"href":"https:\/\/www.cremeb.org.br\/index.php\/wp-json\/wp\/v2\/media\/27530"}],"wp:attachment":[{"href":"https:\/\/www.cremeb.org.br\/index.php\/wp-json\/wp\/v2\/media?parent=46117"}],"wp:term":[{"taxonomy":"category","embeddable":true,"href":"https:\/\/www.cremeb.org.br\/index.php\/wp-json\/wp\/v2\/categories?post=46117"},{"taxonomy":"post_tag","embeddable":true,"href":"https:\/\/www.cremeb.org.br\/index.php\/wp-json\/wp\/v2\/tags?post=46117"}],"curies":[{"name":"wp","href":"https:\/\/api.w.org\/{rel}","templated":true}]}}