{"id":46025,"date":"2025-09-30T15:56:51","date_gmt":"2025-09-30T18:56:51","guid":{"rendered":"https:\/\/www.cremeb.org.br\/?p=46025"},"modified":"2026-03-24T18:15:32","modified_gmt":"2026-03-24T21:15:32","slug":"ex-conselheira-do-cremeb-dra-licia-moreira-e-a-nova-presidente-da-academia-brasileira-de-pediatria","status":"publish","type":"post","link":"https:\/\/www.cremeb.org.br\/index.php\/noticias\/ex-conselheira-do-cremeb-dra-licia-moreira-e-a-nova-presidente-da-academia-brasileira-de-pediatria\/","title":{"rendered":"Ex-conselheira do Cremeb, Dra. L\u00edcia Moreira \u00e9 a nova presidente da Academia Brasileira de Pediatria"},"content":{"rendered":"<p>Eleita por aclama\u00e7\u00e3o durante assembleia no \u00faltimo s\u00e1bado (27), a nova diretoria da Academia Brasileira de Pediatria conta com a ex-conselheira do Conselho Regional de Medicina do Estado da Bahia (Cremeb), Dra. L\u00edcia Maria Oliveira Moreira, como presidente da entidade acad\u00eamica da especialidade para o bi\u00eanio 2025-2027. A medicina baiana est\u00e1 representada na nova diretoria tamb\u00e9m pela m\u00e9dica pediatra Dra. Luciana Rodrigues Silva, que ocupa a cadeira de vice-presidente. Al\u00e9m das m\u00e9dicas supracitadas, tomaram posse o Dr. Jefferson Pedro Piva, como Secret\u00e1rio, e a Dra. Magda Lahorgue Nunes, respons\u00e1vel pela Comunica\u00e7\u00e3o da Academia.<\/p>\n<p>Enquanto conselheira do Cremeb, Dra. L\u00edcia Moreira colaborou com as atividades conselhais na 13\u00aa gest\u00e3o da autarquia, de 2018 a 2023, e nos dias atuais segue colaborando com elucida\u00e7\u00f5es de dilemas \u00e9ticos por integrar a C\u00e2mara T\u00e9cnica de Pediatria do Cremeb. &#8220;L\u00edcia, professora de pediatria, muito admirada por sua compet\u00eancia e muito querida pelo trato ameno, atencioso e gentil para com todos. Nossos parab\u00e9ns a colega t\u00e3o querida&#8221;, escreveu o conselheiro decano do Cremeb, Dr. Jorge Cerqueira.<\/p>\n<div id=\"attachment_46026\" style=\"width: 404px\" class=\"wp-caption aligncenter\"><img aria-describedby=\"caption-attachment-46026\" decoding=\"async\" loading=\"lazy\" class=\"wp-image-46026 size-medium\" src=\"https:\/\/www.cremeb.org.br\/wp-content\/uploads\/2025\/09\/lsp_a4a8eb71718c25d359834b40a66503dd_300925-065211-394x268.jpeg\" alt=\"Cr\u00e9dito: Sociedade Brasileira de Pediatria\" width=\"394\" height=\"268\" srcset=\"https:\/\/www.cremeb.org.br\/wp-content\/uploads\/2025\/09\/lsp_a4a8eb71718c25d359834b40a66503dd_300925-065211-394x268.jpeg 394w, https:\/\/www.cremeb.org.br\/wp-content\/uploads\/2025\/09\/lsp_a4a8eb71718c25d359834b40a66503dd_300925-065211-1024x696.jpeg 1024w, https:\/\/www.cremeb.org.br\/wp-content\/uploads\/2025\/09\/lsp_a4a8eb71718c25d359834b40a66503dd_300925-065211-768x522.jpeg 768w, https:\/\/www.cremeb.org.br\/wp-content\/uploads\/2025\/09\/lsp_a4a8eb71718c25d359834b40a66503dd_300925-065211.jpeg 1280w\" sizes=\"(max-width: 394px) 100vw, 394px\" \/><p id=\"caption-attachment-46026\" class=\"wp-caption-text\">Da esquerda para a direita, Dra. Luciana Rodrigues Silva; Dra. L\u00edcia Maria Oliveira Moreira; e Dra. Magda Lahorgue Nunes. Ao fundo, no tel\u00e3o, Dr. Jefferson Pedro Piva.<\/p><\/div>\n<p><strong>Cr\u00e9dito:<\/strong> Sociedade Brasileira de Pediatria<\/p>\n","protected":false},"excerpt":{"rendered":"<p>Eleita por aclama\u00e7\u00e3o durante assembleia no \u00faltimo s\u00e1bado (27), a nova diretoria da Academia Brasileira de Pediatria conta com a [&hellip;]<\/p>\n","protected":false},"author":22,"featured_media":46027,"comment_status":"open","ping_status":"open","sticky":false,"template":"","format":"standard","meta":{"_expiration-date-status":"","_expiration-date":0,"_expiration-date-type":"","_expiration-date-categories":[],"_expiration-date-options":[]},"categories":[1,86,52],"tags":[],"acf":[],"_links":{"self":[{"href":"https:\/\/www.cremeb.org.br\/index.php\/wp-json\/wp\/v2\/posts\/46025"}],"collection":[{"href":"https:\/\/www.cremeb.org.br\/index.php\/wp-json\/wp\/v2\/posts"}],"about":[{"href":"https:\/\/www.cremeb.org.br\/index.php\/wp-json\/wp\/v2\/types\/post"}],"author":[{"embeddable":true,"href":"https:\/\/www.cremeb.org.br\/index.php\/wp-json\/wp\/v2\/users\/22"}],"replies":[{"embeddable":true,"href":"https:\/\/www.cremeb.org.br\/index.php\/wp-json\/wp\/v2\/comments?post=46025"}],"version-history":[{"count":1,"href":"https:\/\/www.cremeb.org.br\/index.php\/wp-json\/wp\/v2\/posts\/46025\/revisions"}],"predecessor-version":[{"id":46028,"href":"https:\/\/www.cremeb.org.br\/index.php\/wp-json\/wp\/v2\/posts\/46025\/revisions\/46028"}],"wp:featuredmedia":[{"embeddable":true,"href":"https:\/\/www.cremeb.org.br\/index.php\/wp-json\/wp\/v2\/media\/46027"}],"wp:attachment":[{"href":"https:\/\/www.cremeb.org.br\/index.php\/wp-json\/wp\/v2\/media?parent=46025"}],"wp:term":[{"taxonomy":"category","embeddable":true,"href":"https:\/\/www.cremeb.org.br\/index.php\/wp-json\/wp\/v2\/categories?post=46025"},{"taxonomy":"post_tag","embeddable":true,"href":"https:\/\/www.cremeb.org.br\/index.php\/wp-json\/wp\/v2\/tags?post=46025"}],"curies":[{"name":"wp","href":"https:\/\/api.w.org\/{rel}","templated":true}]}}