{"id":45932,"date":"2025-09-09T16:52:05","date_gmt":"2025-09-09T19:52:05","guid":{"rendered":"https:\/\/www.cremeb.org.br\/?p=45932"},"modified":"2025-09-09T16:55:04","modified_gmt":"2025-09-09T19:55:04","slug":"nota-de-pesar-cremeb-informa-o-falecimento-do-medico-sinobelino-dourado-neto-ex-prefeito-de-america-dourada","status":"publish","type":"post","link":"https:\/\/www.cremeb.org.br\/index.php\/obituario\/nota-de-pesar-cremeb-informa-o-falecimento-do-medico-sinobelino-dourado-neto-ex-prefeito-de-america-dourada\/","title":{"rendered":"Nota de pesar: Cremeb informa o falecimento do m\u00e9dico Sinobelino Dourado Neto, ex-prefeito de Am\u00e9rica Dourada"},"content":{"rendered":"<p>O Conselho Regional de Medicina do Estado da Bahia (Cremeb) informa com tristeza o falecimento do m\u00e9dico Sinobelino Dourado Neto, aos 73 anos, na manh\u00e3 da \u00faltima segunda-feira (8), em Salvador (BA). Natural de Irec\u00ea, munic\u00edpio do centro oeste baiano, Dr. Sinobelino Dourado formou-se m\u00e9dico na Escola Bahiana de Medicina e Sa\u00fade P\u00fablica, na turma de 1979, e exerceu as especialidades de cirurgia geral e urologia.<\/p>\n<p>Al\u00e9m do exerc\u00edcio da Medicina, Dr. Sinobelino Dourado teve sua trajet\u00f3ria marcada pela carreira pol\u00edtica, tendo sido o primeiro prefeito do munic\u00edpio de Am\u00e9rica Dourada (BA). Em nota de pesar publicada nas redes sociais, a prefeitura do munic\u00edpio registrou que o legado do m\u00e9dico e ex-prefeito deixar\u00e1 &#8220;relevantes servi\u00e7os prestados n\u00e3o apenas aos am\u00e9rico-douradenses, mas tamb\u00e9m a toda a regi\u00e3o de Irec\u00ea&#8221;.<\/p>\n<p>Aos familiares, amigos e colegas do m\u00e9dico Sinobelino Dourado Neto, o Cremeb expressa o seu pesar e a sua solidariedade.<\/p>\n","protected":false},"excerpt":{"rendered":"<p>O Conselho Regional de Medicina do Estado da Bahia (Cremeb) informa com tristeza o falecimento do m\u00e9dico Sinobelino Dourado Neto, [&hellip;]<\/p>\n","protected":false},"author":22,"featured_media":27530,"comment_status":"open","ping_status":"open","sticky":false,"template":"","format":"standard","meta":{"_expiration-date-status":"","_expiration-date":0,"_expiration-date-type":"","_expiration-date-categories":[],"_expiration-date-options":[]},"categories":[67],"tags":[],"acf":[],"_links":{"self":[{"href":"https:\/\/www.cremeb.org.br\/index.php\/wp-json\/wp\/v2\/posts\/45932"}],"collection":[{"href":"https:\/\/www.cremeb.org.br\/index.php\/wp-json\/wp\/v2\/posts"}],"about":[{"href":"https:\/\/www.cremeb.org.br\/index.php\/wp-json\/wp\/v2\/types\/post"}],"author":[{"embeddable":true,"href":"https:\/\/www.cremeb.org.br\/index.php\/wp-json\/wp\/v2\/users\/22"}],"replies":[{"embeddable":true,"href":"https:\/\/www.cremeb.org.br\/index.php\/wp-json\/wp\/v2\/comments?post=45932"}],"version-history":[{"count":1,"href":"https:\/\/www.cremeb.org.br\/index.php\/wp-json\/wp\/v2\/posts\/45932\/revisions"}],"predecessor-version":[{"id":45933,"href":"https:\/\/www.cremeb.org.br\/index.php\/wp-json\/wp\/v2\/posts\/45932\/revisions\/45933"}],"wp:featuredmedia":[{"embeddable":true,"href":"https:\/\/www.cremeb.org.br\/index.php\/wp-json\/wp\/v2\/media\/27530"}],"wp:attachment":[{"href":"https:\/\/www.cremeb.org.br\/index.php\/wp-json\/wp\/v2\/media?parent=45932"}],"wp:term":[{"taxonomy":"category","embeddable":true,"href":"https:\/\/www.cremeb.org.br\/index.php\/wp-json\/wp\/v2\/categories?post=45932"},{"taxonomy":"post_tag","embeddable":true,"href":"https:\/\/www.cremeb.org.br\/index.php\/wp-json\/wp\/v2\/tags?post=45932"}],"curies":[{"name":"wp","href":"https:\/\/api.w.org\/{rel}","templated":true}]}}