{"id":45894,"date":"2025-08-29T12:25:38","date_gmt":"2025-08-29T15:25:38","guid":{"rendered":"https:\/\/www.cremeb.org.br\/?p=45894"},"modified":"2025-08-29T12:26:22","modified_gmt":"2025-08-29T15:26:22","slug":"nota-de-pesar-cremeb-lamenta-falecimento-do-medico-e-ex-conselheiro-rodrigo-jose-felipe-aos-60-anos","status":"publish","type":"post","link":"https:\/\/www.cremeb.org.br\/index.php\/obituario\/nota-de-pesar-cremeb-lamenta-falecimento-do-medico-e-ex-conselheiro-rodrigo-jose-felipe-aos-60-anos\/","title":{"rendered":"Nota de Pesar: Cremeb lamenta falecimento do m\u00e9dico e ex-conselheiro Rodrigo Jos\u00e9 Felipe, aos 60 anos"},"content":{"rendered":"<p>\u00c9 com profundo pesar que o Conselho Regional de Medicina do Estado da Bahia (Cremeb) comunica o falecimento do m\u00e9dico Rodrigo Jos\u00e9 Felipe, ocorrido hoje (29), aos 60 anos. Natural de Juiz de Fora (MG), Dr. Rodrigo graduou-se em Medicina pelo Centro Universit\u00e1rio de Volta Redonda (RJ), em 1990, e integrou o corpo de conselheiros do Cremeb na 11\u00aa gest\u00e3o da entidade, entre 2008 e 2013.<\/p>\n<p>Especialista em endoscopia e colonoscopia, Dr. Rodrigo fundou, ao lado da esposa e tamb\u00e9m m\u00e9dica, Dra. M\u00e1rcia Sacramento de Ara\u00fajo Felipe, o Centro Bahiano de Gastro Hepatologia e Endoscopia (CBGE), em 1998. Atuava ainda como presidente da Comiss\u00e3o Cient\u00edfica do Itaigara Memorial Gastro Hepato e membro do Comit\u00ea de \u00c9tica do Itaigara Memorial Gastro Hepato \/ Oncocl\u00ednicas.<\/p>\n<p>\u201cExcelente profissional, \u00e9tico e correto, Dr. Rodrigo foi conselheiro do Cremeb sempre cumprindo com dedica\u00e7\u00e3o e zelo o seu papel. Colega de trato cordial, lhano e solid\u00e1rio, deixa uma perda imensa para sua especialidade, para a Medicina e para o associativismo m\u00e9dico\u201d, destacou o presidente do Cremeb, conselheiro Ot\u00e1vio Marambaia.<\/p>\n<p>O vel\u00f3rio ocorrer\u00e1 amanh\u00e3 (30), na Capela H do Cemit\u00e9rio Jardim da Saudade, das 11h \u00e0s 16h30, seguido da cerim\u00f4nia de despedida no Sal\u00e3o do Cremat\u00f3rio, \u00e0s 16h45.<\/p>\n<p>Aos familiares e amigos, em especial \u00e0 esposa e colega de profiss\u00e3o, Dra. M\u00e1rcia Sacramento de Ara\u00fajo Felipe, e \u00e0 filha, Dra. Catarina Sacramento de Ara\u00fajo Felipe, o Cremeb expressa sua solidariedade e profundo pesar.<\/p>\n","protected":false},"excerpt":{"rendered":"<p>\u00c9 com profundo pesar que o Conselho Regional de Medicina do Estado da Bahia (Cremeb) comunica o falecimento do m\u00e9dico [&hellip;]<\/p>\n","protected":false},"author":39,"featured_media":27530,"comment_status":"open","ping_status":"open","sticky":false,"template":"","format":"standard","meta":{"_expiration-date-status":"","_expiration-date":0,"_expiration-date-type":"","_expiration-date-categories":[],"_expiration-date-options":[]},"categories":[67],"tags":[],"acf":[],"_links":{"self":[{"href":"https:\/\/www.cremeb.org.br\/index.php\/wp-json\/wp\/v2\/posts\/45894"}],"collection":[{"href":"https:\/\/www.cremeb.org.br\/index.php\/wp-json\/wp\/v2\/posts"}],"about":[{"href":"https:\/\/www.cremeb.org.br\/index.php\/wp-json\/wp\/v2\/types\/post"}],"author":[{"embeddable":true,"href":"https:\/\/www.cremeb.org.br\/index.php\/wp-json\/wp\/v2\/users\/39"}],"replies":[{"embeddable":true,"href":"https:\/\/www.cremeb.org.br\/index.php\/wp-json\/wp\/v2\/comments?post=45894"}],"version-history":[{"count":2,"href":"https:\/\/www.cremeb.org.br\/index.php\/wp-json\/wp\/v2\/posts\/45894\/revisions"}],"predecessor-version":[{"id":45896,"href":"https:\/\/www.cremeb.org.br\/index.php\/wp-json\/wp\/v2\/posts\/45894\/revisions\/45896"}],"wp:featuredmedia":[{"embeddable":true,"href":"https:\/\/www.cremeb.org.br\/index.php\/wp-json\/wp\/v2\/media\/27530"}],"wp:attachment":[{"href":"https:\/\/www.cremeb.org.br\/index.php\/wp-json\/wp\/v2\/media?parent=45894"}],"wp:term":[{"taxonomy":"category","embeddable":true,"href":"https:\/\/www.cremeb.org.br\/index.php\/wp-json\/wp\/v2\/categories?post=45894"},{"taxonomy":"post_tag","embeddable":true,"href":"https:\/\/www.cremeb.org.br\/index.php\/wp-json\/wp\/v2\/tags?post=45894"}],"curies":[{"name":"wp","href":"https:\/\/api.w.org\/{rel}","templated":true}]}}