{"id":45874,"date":"2025-08-19T16:49:31","date_gmt":"2025-08-19T19:49:31","guid":{"rendered":"https:\/\/www.cremeb.org.br\/?p=45874"},"modified":"2025-08-19T23:24:44","modified_gmt":"2025-08-20T02:24:44","slug":"nota-de-pesar-cremeb-lamenta-o-falecimento-do-medico-luiz-carlos-medrado-sampaio","status":"publish","type":"post","link":"https:\/\/www.cremeb.org.br\/index.php\/obituario\/nota-de-pesar-cremeb-lamenta-o-falecimento-do-medico-luiz-carlos-medrado-sampaio\/","title":{"rendered":"Nota de pesar: Cremeb lamenta o falecimento do m\u00e9dico Luiz Carlos Medrado Sampaio"},"content":{"rendered":"<p>\u00c9 com enorme pesar que o Conselho Regional de Medicina do Estado da Bahia (Cremeb) recebe a not\u00edcia de falecimento do m\u00e9dico Luiz Carlos Medrado Sampaio, aos 91 anos, nesta ter\u00e7a-feira (19), em Salvador-BA. Soteropolitano, Dr. Medrado, como era conhecido entre os colegas, formou-se m\u00e9dico na Universidade Federal da Bahia (UFBA), na turma de 1958, e construiu not\u00f3ria carreira exercendo a especialidade de Cirurgia Pedi\u00e1trica. Em 2008, recebeu deste conselho o Diploma de M\u00e9rito \u00c9tico-Profissional por exercer a Medicina por 50 anos ininterruptos sem ter sofrido san\u00e7\u00f5es \u00e9ticas.<\/p>\n<p>Na sua trajet\u00f3ria, integrou o corpo cl\u00ednico de importantes unidades da capital baiana como o Hospital S\u00e3o Rafael; foi m\u00e9dico oficial da For\u00e7a A\u00e9rea Brasileira; e integrou tamb\u00e9m a Sociedade Brasileira de Cirurgia Pedi\u00e1trica. O seu sepultamento ocorrer\u00e1 amanh\u00e3, quarta-feira (20), \u00e0s 14h30, no Cemit\u00e9rio Jardim da Saudade, em Salvador.<\/p>\n<p>Para a cirurgi\u00e3 pedi\u00e1trica Maria Jesus Bendicho, ex-conselheira do Cremeb, Dr. Medrado pode ser definido por tr\u00eas palavras: gentileza, acolhimento e bem-querer. \u201cEle tinha um jeito jovial, fazia muitas brincadeiras com as crian\u00e7as, mas sempre com o maior respeito por todos ao seu redor. Era um homem gentil, dedicado \u00e0s crian\u00e7as, estudioso e atento \u00e0 sa\u00fade f\u00edsica e mental de quem se aproximava. Viveu e se despediu com a mesma dignidade que marcou sua trajet\u00f3ria. Apesar das brincadeiras, foi sempre um homem s\u00e9rio, de uma integridade incontest\u00e1vel\u201d, recorda.<\/p>\n<p>Aos amigos, colegas e familiares do m\u00e9dico Luiz Carlos Medrado Sampaio, o Cremeb expressa o seu pesar e a sua solidariedade.<\/p>\n","protected":false},"excerpt":{"rendered":"<p>\u00c9 com enorme pesar que o Conselho Regional de Medicina do Estado da Bahia (Cremeb) recebe a not\u00edcia de falecimento [&hellip;]<\/p>\n","protected":false},"author":22,"featured_media":27530,"comment_status":"open","ping_status":"open","sticky":false,"template":"","format":"standard","meta":{"_expiration-date-status":"","_expiration-date":0,"_expiration-date-type":"","_expiration-date-categories":[],"_expiration-date-options":[]},"categories":[67],"tags":[],"acf":[],"_links":{"self":[{"href":"https:\/\/www.cremeb.org.br\/index.php\/wp-json\/wp\/v2\/posts\/45874"}],"collection":[{"href":"https:\/\/www.cremeb.org.br\/index.php\/wp-json\/wp\/v2\/posts"}],"about":[{"href":"https:\/\/www.cremeb.org.br\/index.php\/wp-json\/wp\/v2\/types\/post"}],"author":[{"embeddable":true,"href":"https:\/\/www.cremeb.org.br\/index.php\/wp-json\/wp\/v2\/users\/22"}],"replies":[{"embeddable":true,"href":"https:\/\/www.cremeb.org.br\/index.php\/wp-json\/wp\/v2\/comments?post=45874"}],"version-history":[{"count":3,"href":"https:\/\/www.cremeb.org.br\/index.php\/wp-json\/wp\/v2\/posts\/45874\/revisions"}],"predecessor-version":[{"id":45877,"href":"https:\/\/www.cremeb.org.br\/index.php\/wp-json\/wp\/v2\/posts\/45874\/revisions\/45877"}],"wp:featuredmedia":[{"embeddable":true,"href":"https:\/\/www.cremeb.org.br\/index.php\/wp-json\/wp\/v2\/media\/27530"}],"wp:attachment":[{"href":"https:\/\/www.cremeb.org.br\/index.php\/wp-json\/wp\/v2\/media?parent=45874"}],"wp:term":[{"taxonomy":"category","embeddable":true,"href":"https:\/\/www.cremeb.org.br\/index.php\/wp-json\/wp\/v2\/categories?post=45874"},{"taxonomy":"post_tag","embeddable":true,"href":"https:\/\/www.cremeb.org.br\/index.php\/wp-json\/wp\/v2\/tags?post=45874"}],"curies":[{"name":"wp","href":"https:\/\/api.w.org\/{rel}","templated":true}]}}