{"id":45804,"date":"2025-08-05T10:10:14","date_gmt":"2025-08-05T13:10:14","guid":{"rendered":"https:\/\/www.cremeb.org.br\/?p=45804"},"modified":"2025-08-05T10:10:14","modified_gmt":"2025-08-05T13:10:14","slug":"nota-de-pesar-cremeb-informa-o-falecimento-do-medico-nelson-doval-cendon","status":"publish","type":"post","link":"https:\/\/www.cremeb.org.br\/index.php\/obituario\/nota-de-pesar-cremeb-informa-o-falecimento-do-medico-nelson-doval-cendon\/","title":{"rendered":"Nota de pesar: Cremeb informa o falecimento do m\u00e9dico Nelson Doval Cendon"},"content":{"rendered":"<p>O Conselho Regional de Medicina do Estado da Bahia (Cremeb) informa com pesar o falecimento do m\u00e9dico Nelson Doval Cendon, aos 76 anos, em Salvador (BA). Soteropolitano, Dr. Nelson Cendon formou-se m\u00e9dico na Escola Bahiana de Medicina e Sa\u00fade P\u00fablica, na turma de 1977, exerceu o cargo de 2\u00ba vice-presidente do Hospital Espanhol e integrou o corpo cl\u00ednico de outras importantes unidades da capital baiana, a exemplo do Hospital Cardio Pulmonar.<\/p>\n<p>O sepultamento est\u00e1 marcado para hoje (5), na Capela D do Cemit\u00e9rio Jardim da Saudade, \u00e0s 15h30.<\/p>\n<p>Aos amigos e familiares do m\u00e9dico Nelson Doval Cendon, o Cremeb expressa o seu pesar e a sua solidariedade.<\/p>\n","protected":false},"excerpt":{"rendered":"<p>O Conselho Regional de Medicina do Estado da Bahia (Cremeb) informa com pesar o falecimento do m\u00e9dico Nelson Doval Cendon, [&hellip;]<\/p>\n","protected":false},"author":22,"featured_media":27530,"comment_status":"open","ping_status":"open","sticky":false,"template":"","format":"standard","meta":{"_expiration-date-status":"","_expiration-date":0,"_expiration-date-type":"","_expiration-date-categories":[],"_expiration-date-options":[]},"categories":[67],"tags":[],"acf":[],"_links":{"self":[{"href":"https:\/\/www.cremeb.org.br\/index.php\/wp-json\/wp\/v2\/posts\/45804"}],"collection":[{"href":"https:\/\/www.cremeb.org.br\/index.php\/wp-json\/wp\/v2\/posts"}],"about":[{"href":"https:\/\/www.cremeb.org.br\/index.php\/wp-json\/wp\/v2\/types\/post"}],"author":[{"embeddable":true,"href":"https:\/\/www.cremeb.org.br\/index.php\/wp-json\/wp\/v2\/users\/22"}],"replies":[{"embeddable":true,"href":"https:\/\/www.cremeb.org.br\/index.php\/wp-json\/wp\/v2\/comments?post=45804"}],"version-history":[{"count":1,"href":"https:\/\/www.cremeb.org.br\/index.php\/wp-json\/wp\/v2\/posts\/45804\/revisions"}],"predecessor-version":[{"id":45805,"href":"https:\/\/www.cremeb.org.br\/index.php\/wp-json\/wp\/v2\/posts\/45804\/revisions\/45805"}],"wp:featuredmedia":[{"embeddable":true,"href":"https:\/\/www.cremeb.org.br\/index.php\/wp-json\/wp\/v2\/media\/27530"}],"wp:attachment":[{"href":"https:\/\/www.cremeb.org.br\/index.php\/wp-json\/wp\/v2\/media?parent=45804"}],"wp:term":[{"taxonomy":"category","embeddable":true,"href":"https:\/\/www.cremeb.org.br\/index.php\/wp-json\/wp\/v2\/categories?post=45804"},{"taxonomy":"post_tag","embeddable":true,"href":"https:\/\/www.cremeb.org.br\/index.php\/wp-json\/wp\/v2\/tags?post=45804"}],"curies":[{"name":"wp","href":"https:\/\/api.w.org\/{rel}","templated":true}]}}