{"id":45695,"date":"2025-07-03T11:01:11","date_gmt":"2025-07-03T14:01:11","guid":{"rendered":"https:\/\/www.cremeb.org.br\/?p=45695"},"modified":"2025-07-03T11:01:11","modified_gmt":"2025-07-03T14:01:11","slug":"nota-de-pesar-cremeb-lamenta-falecimento-do-medico-luiz-sergio-dorea-de-andrade-rocha","status":"publish","type":"post","link":"https:\/\/www.cremeb.org.br\/index.php\/obituario\/nota-de-pesar-cremeb-lamenta-falecimento-do-medico-luiz-sergio-dorea-de-andrade-rocha\/","title":{"rendered":"Nota de pesar: Cremeb lamenta falecimento do m\u00e9dico Luiz S\u00e9rgio D\u00f3rea de Andrade Rocha"},"content":{"rendered":"<p>O Conselho Regional de Medicina do Estado da Bahia (Cremeb) informa com pesar o falecimento do m\u00e9dico Luiz S\u00e9rgio D\u00f3rea de Andrade Rocha, aos 73 anos, na \u00faltima ter\u00e7a-feira (1). Soteropolitano, Dr. Luiz S\u00e9rgio Rocha &#8211; como era conhecido entre os colegas &#8211; formou-se m\u00e9dico na Escola Bahiana de Medicina e Sa\u00fade P\u00fablica, na turma de 1976, assim dedicando quase 50 anos da sua vida \u00e0 Medicina e aos seus pacientes.<\/p>\n<p>Durante a sua carreira, colaborou com o exerc\u00edcio \u00e9tico da Medicina ao integrar a Comiss\u00e3o de \u00c9tica M\u00e9dica do Servi\u00e7o de Emerg\u00eancias M\u00e9dicas Cir\u00fargicas (SEMEC), e integrou o corpo cl\u00ednico de unidades de sa\u00fade como o Hospital Geral Ernesto Sim\u00f5es Filho, Hospital Aeroporto e Hospital Evang\u00e9lico da Bahia.<\/p>\n<p>Aos amigos, colegas e familiares do m\u00e9dico Luiz S\u00e9rgio D\u00f3rea de Andrade Rocha, o Cremeb expressa o seu pesar e a sua solidariedade.<\/p>\n","protected":false},"excerpt":{"rendered":"<p>O Conselho Regional de Medicina do Estado da Bahia (Cremeb) informa com pesar o falecimento do m\u00e9dico Luiz S\u00e9rgio D\u00f3rea [&hellip;]<\/p>\n","protected":false},"author":22,"featured_media":27530,"comment_status":"open","ping_status":"open","sticky":false,"template":"","format":"standard","meta":{"_expiration-date-status":"","_expiration-date":0,"_expiration-date-type":"","_expiration-date-categories":[],"_expiration-date-options":[]},"categories":[67],"tags":[],"acf":[],"_links":{"self":[{"href":"https:\/\/www.cremeb.org.br\/index.php\/wp-json\/wp\/v2\/posts\/45695"}],"collection":[{"href":"https:\/\/www.cremeb.org.br\/index.php\/wp-json\/wp\/v2\/posts"}],"about":[{"href":"https:\/\/www.cremeb.org.br\/index.php\/wp-json\/wp\/v2\/types\/post"}],"author":[{"embeddable":true,"href":"https:\/\/www.cremeb.org.br\/index.php\/wp-json\/wp\/v2\/users\/22"}],"replies":[{"embeddable":true,"href":"https:\/\/www.cremeb.org.br\/index.php\/wp-json\/wp\/v2\/comments?post=45695"}],"version-history":[{"count":1,"href":"https:\/\/www.cremeb.org.br\/index.php\/wp-json\/wp\/v2\/posts\/45695\/revisions"}],"predecessor-version":[{"id":45696,"href":"https:\/\/www.cremeb.org.br\/index.php\/wp-json\/wp\/v2\/posts\/45695\/revisions\/45696"}],"wp:featuredmedia":[{"embeddable":true,"href":"https:\/\/www.cremeb.org.br\/index.php\/wp-json\/wp\/v2\/media\/27530"}],"wp:attachment":[{"href":"https:\/\/www.cremeb.org.br\/index.php\/wp-json\/wp\/v2\/media?parent=45695"}],"wp:term":[{"taxonomy":"category","embeddable":true,"href":"https:\/\/www.cremeb.org.br\/index.php\/wp-json\/wp\/v2\/categories?post=45695"},{"taxonomy":"post_tag","embeddable":true,"href":"https:\/\/www.cremeb.org.br\/index.php\/wp-json\/wp\/v2\/tags?post=45695"}],"curies":[{"name":"wp","href":"https:\/\/api.w.org\/{rel}","templated":true}]}}