{"id":45679,"date":"2025-06-30T12:06:50","date_gmt":"2025-06-30T15:06:50","guid":{"rendered":"https:\/\/www.cremeb.org.br\/?p=45679"},"modified":"2025-06-30T12:06:50","modified_gmt":"2025-06-30T15:06:50","slug":"nota-de-pesar-cremeb-informa-falecimento-da-medica-elga-de-oliveira-dourado","status":"publish","type":"post","link":"https:\/\/www.cremeb.org.br\/index.php\/obituario\/nota-de-pesar-cremeb-informa-falecimento-da-medica-elga-de-oliveira-dourado\/","title":{"rendered":"Nota de pesar: Cremeb informa falecimento da m\u00e9dica Elga de Oliveira Dourado"},"content":{"rendered":"<p>\u00c9 com profundo pesar que o Conselho Regional de Medicina do Estado da Bahia (Cremeb) informa o falecimento da m\u00e9dica Elga de Oliveira Dourado, aos 81 anos, na noite do \u00faltimo domingo (29), em Salvador(BA). Natural de Feira de Santana, cidade localizada no nordeste baiano, Dra. Elga Dourado formou-se m\u00e9dica na Universidade Federal da Bahia (UFBA), na turma de 1968, e progrediu a sua carreira exercendo a especialidade de anestesiologia. Por completar 50 anos ininterruptos de exerc\u00edcio da Medicina sem ter sofrido san\u00e7\u00f5es \u00e9ticas, recebeu das m\u00e3os deste Conselho, em 2018, o Diploma de M\u00e9rito \u00c9tico-Profissional, honraria que reconhece a dedica\u00e7\u00e3o daqueles que completam meio s\u00e9culo de profiss\u00e3o com \u00e9tica e lisura.<\/p>\n<p>Colega de turma da m\u00e9dica, o conselheiro decano do Cremeb, Dr. Jorge Cerqueira, lamentou a passagem e a not\u00edcia de falecimento da sua amiga. &#8220;Anestesista conceituada e muito querida. Foi minha colega de turma, 1968, pela Universidade Federal. Estou chocado com a not\u00edcia do passamento desta grande amiga cuja liga\u00e7\u00e3o, al\u00e9m do coleguismo, \u00e9 tamb\u00e9m por la\u00e7os de fam\u00edlia. Que Deus a tenha&#8221;, registrou nas suas palavras o conselheiro Jorge Cerqueira.<\/p>\n<p>Aos amigos e familiares da m\u00e9dica Elga de Oliveira Dourado, o Cremeb expressa o seu pesar e a sua solidariedade.<\/p>\n","protected":false},"excerpt":{"rendered":"<p>\u00c9 com profundo pesar que o Conselho Regional de Medicina do Estado da Bahia (Cremeb) informa o falecimento da m\u00e9dica [&hellip;]<\/p>\n","protected":false},"author":22,"featured_media":27530,"comment_status":"open","ping_status":"open","sticky":false,"template":"","format":"standard","meta":{"_expiration-date-status":"","_expiration-date":0,"_expiration-date-type":"","_expiration-date-categories":[],"_expiration-date-options":[]},"categories":[67],"tags":[],"acf":[],"_links":{"self":[{"href":"https:\/\/www.cremeb.org.br\/index.php\/wp-json\/wp\/v2\/posts\/45679"}],"collection":[{"href":"https:\/\/www.cremeb.org.br\/index.php\/wp-json\/wp\/v2\/posts"}],"about":[{"href":"https:\/\/www.cremeb.org.br\/index.php\/wp-json\/wp\/v2\/types\/post"}],"author":[{"embeddable":true,"href":"https:\/\/www.cremeb.org.br\/index.php\/wp-json\/wp\/v2\/users\/22"}],"replies":[{"embeddable":true,"href":"https:\/\/www.cremeb.org.br\/index.php\/wp-json\/wp\/v2\/comments?post=45679"}],"version-history":[{"count":1,"href":"https:\/\/www.cremeb.org.br\/index.php\/wp-json\/wp\/v2\/posts\/45679\/revisions"}],"predecessor-version":[{"id":45680,"href":"https:\/\/www.cremeb.org.br\/index.php\/wp-json\/wp\/v2\/posts\/45679\/revisions\/45680"}],"wp:featuredmedia":[{"embeddable":true,"href":"https:\/\/www.cremeb.org.br\/index.php\/wp-json\/wp\/v2\/media\/27530"}],"wp:attachment":[{"href":"https:\/\/www.cremeb.org.br\/index.php\/wp-json\/wp\/v2\/media?parent=45679"}],"wp:term":[{"taxonomy":"category","embeddable":true,"href":"https:\/\/www.cremeb.org.br\/index.php\/wp-json\/wp\/v2\/categories?post=45679"},{"taxonomy":"post_tag","embeddable":true,"href":"https:\/\/www.cremeb.org.br\/index.php\/wp-json\/wp\/v2\/tags?post=45679"}],"curies":[{"name":"wp","href":"https:\/\/api.w.org\/{rel}","templated":true}]}}