{"id":45673,"date":"2025-06-21T16:47:43","date_gmt":"2025-06-21T19:47:43","guid":{"rendered":"https:\/\/www.cremeb.org.br\/?p=45673"},"modified":"2025-06-21T16:48:01","modified_gmt":"2025-06-21T19:48:01","slug":"nota-de-pesar-cremeb-lamenta-o-falecimento-do-medico-jorge-luiz-pereira-e-silva","status":"publish","type":"post","link":"https:\/\/www.cremeb.org.br\/index.php\/obituario\/nota-de-pesar-cremeb-lamenta-o-falecimento-do-medico-jorge-luiz-pereira-e-silva\/","title":{"rendered":"Nota de pesar: Cremeb lamenta o falecimento do m\u00e9dico Jorge Luiz Pereira e Silva"},"content":{"rendered":"<p>O Conselho Regional de Medicina do Estado da Bahia (Cremeb) recebe com pesar a not\u00edcia de falecimento do m\u00e9dico Jorge Luiz Pereira e Silva, aos 71 anos, neste s\u00e1bado (21). Natural de Salvador, formou-se em Medicina na Universidade Federal da Bahia (UFBA), na turma de 1978, e atuava na \u00e1rea de pneumologia, na qual possu\u00eda o t\u00edtulo de doutor pela Universidade Federal do Rio Grande do Sul.<\/p>\n<p>No curr\u00edculo, Dr. Jorge Pereira acumulou vasta experi\u00eancia. Al\u00e9m de professor da Faculdade de Medicina da UFBA, ele foi membro titular da Academia de Medicina da Bahia. De acordo com uma biografia publicada no site da UFBA, ele possu\u00eda experi\u00eancia na \u00e1rea de Medicina, com \u00eanfase em infec\u00e7\u00f5es respirat\u00f3rias, diagn\u00f3stico por imagem, doen\u00e7as intersticiais e tromboembolia pulmonar, bem como nas \u00e1reas de consultoria, assessoria e gest\u00e3o em Sa\u00fade.<\/p>\n<p>O conselheiro decano do Cremeb, Dr. Jorge Cerqueira, recebeu a not\u00edcia com profunda tristeza: \u201cAl\u00e9m das reconhecidas qualidades intelectuais e t\u00e9cnicas, como pneumologista, professor, membro ativo da Academia, chamava aten\u00e7\u00e3o a sua lhaneza e humildade. Algumas vezes, por causa do nome, fui confundido com ele &#8211; com muita honra para mim. Infelizmente n\u00e3o poderei participar das homenagens que lhe ser\u00e3o prestadas por estar fora de Salvador, em Bras\u00edlia. Que Deus o acolha em sua gl\u00f3ria.\u201d<\/p>\n<p>\u201cSua dedica\u00e7\u00e3o impar\u00e1vel ao ensino m\u00e9dico de qualidade e \u00e0 produ\u00e7\u00e3o de conhecimentos marcou gera\u00e7\u00f5es de pneumologistas baianos\u201d, declarou a conselheira federal pela Bahia, Dra. Ma\u00edra Dantas. \u201cEstou muito triste com a morte de Jorge Pereira. Nos conhecemos desde a adolesc\u00eancia, no Col\u00e9gio Marista, e, a seguir, na FAMEB. M\u00e9dico exemplar e dedicado. Grande perda\u201d, completou o conselheiro Jec\u00e9 Brand\u00e3o.<\/p>\n<p>O sepultamento ser\u00e1 hoje (21), \u00e0s 16h, no Cemit\u00e9rio Jardim da Saudade, em Salvador. Aos amigos, colegas e familiares do m\u00e9dico Jorge Pereira, o Cremeb expressa seu pesar e sua solidariedade.<\/p>\n","protected":false},"excerpt":{"rendered":"<p>O Conselho Regional de Medicina do Estado da Bahia (Cremeb) recebe com pesar a not\u00edcia de falecimento do m\u00e9dico Jorge [&hellip;]<\/p>\n","protected":false},"author":39,"featured_media":27530,"comment_status":"open","ping_status":"open","sticky":false,"template":"","format":"standard","meta":{"_expiration-date-status":"","_expiration-date":0,"_expiration-date-type":"","_expiration-date-categories":[],"_expiration-date-options":[]},"categories":[67],"tags":[],"acf":[],"_links":{"self":[{"href":"https:\/\/www.cremeb.org.br\/index.php\/wp-json\/wp\/v2\/posts\/45673"}],"collection":[{"href":"https:\/\/www.cremeb.org.br\/index.php\/wp-json\/wp\/v2\/posts"}],"about":[{"href":"https:\/\/www.cremeb.org.br\/index.php\/wp-json\/wp\/v2\/types\/post"}],"author":[{"embeddable":true,"href":"https:\/\/www.cremeb.org.br\/index.php\/wp-json\/wp\/v2\/users\/39"}],"replies":[{"embeddable":true,"href":"https:\/\/www.cremeb.org.br\/index.php\/wp-json\/wp\/v2\/comments?post=45673"}],"version-history":[{"count":2,"href":"https:\/\/www.cremeb.org.br\/index.php\/wp-json\/wp\/v2\/posts\/45673\/revisions"}],"predecessor-version":[{"id":45676,"href":"https:\/\/www.cremeb.org.br\/index.php\/wp-json\/wp\/v2\/posts\/45673\/revisions\/45676"}],"wp:featuredmedia":[{"embeddable":true,"href":"https:\/\/www.cremeb.org.br\/index.php\/wp-json\/wp\/v2\/media\/27530"}],"wp:attachment":[{"href":"https:\/\/www.cremeb.org.br\/index.php\/wp-json\/wp\/v2\/media?parent=45673"}],"wp:term":[{"taxonomy":"category","embeddable":true,"href":"https:\/\/www.cremeb.org.br\/index.php\/wp-json\/wp\/v2\/categories?post=45673"},{"taxonomy":"post_tag","embeddable":true,"href":"https:\/\/www.cremeb.org.br\/index.php\/wp-json\/wp\/v2\/tags?post=45673"}],"curies":[{"name":"wp","href":"https:\/\/api.w.org\/{rel}","templated":true}]}}