{"id":42763,"date":"2024-03-01T16:15:12","date_gmt":"2024-03-01T19:15:12","guid":{"rendered":"https:\/\/www.cremeb.org.br\/?p=40010"},"modified":"2025-10-15T14:39:03","modified_gmt":"2025-10-15T17:39:03","slug":"cuidados-paliativos-2","status":"publish","type":"post","link":"https:\/\/www.cremeb.org.br\/index.php\/camaras\/cuidados-paliativos-2\/","title":{"rendered":"Cuidados Paliativos"},"content":{"rendered":"<table width=\"664\">\n<tbody>\n<tr>\n<td width=\"314\"><strong>C\u00c2MARA T\u00c9CNICA<\/strong><\/td>\n<td width=\"351\"><strong>COORDENADOR<\/strong><\/td>\n<\/tr>\n<tr>\n<td width=\"314\"><strong>Cuidados Paliativos<\/strong><\/td>\n<td width=\"351\"><strong>Emerentino Elton Sousa de Ara\u00fajo<\/strong><\/td>\n<\/tr>\n<tr>\n<td colspan=\"2\" width=\"664\">Alini Maria Orathes Ponte Silva &#8211; Cremeb 21398<\/td>\n<\/tr>\n<tr>\n<td colspan=\"2\" width=\"664\">Franklin Santana Santos &#8211; Cremeb 10410<\/td>\n<\/tr>\n<tr>\n<td colspan=\"2\" width=\"664\">Jo\u00e3o Gabriel Rosa Ramos &#8211; Cremeb 20306<\/td>\n<\/tr>\n<tr>\n<td colspan=\"2\" width=\"664\">Karoline Apolonia Castro de Carvalho &#8211; Cremeb 21039<\/td>\n<\/tr>\n<tr>\n<td colspan=\"2\" width=\"664\">Lara de Araujo Torre\u00e3o &#8211; Cremeb 11038<\/td>\n<\/tr>\n<tr>\n<td colspan=\"2\" width=\"664\">Marilia Moreira de Souza Bastos &#8211; Cremeb 9507<\/td>\n<\/tr>\n<tr>\n<td colspan=\"2\" width=\"664\">Manuele de Alencar Amorim &#8211; Cremeb 16479<\/td>\n<\/tr>\n<tr>\n<td colspan=\"2\" width=\"664\">Patr\u00edcia Tavares de Melo Borrione &#8211; Cremeb 17991<\/td>\n<\/tr>\n<tr>\n<td colspan=\"2\" width=\"664\">Vitor Carlos Santos da Silva &#8211; Cremeb 16526<\/td>\n<\/tr>\n<\/tbody>\n<\/table>\n","protected":false},"excerpt":{"rendered":"<p>C\u00c2MARA T\u00c9CNICA COORDENADOR Cuidados Paliativos Emerentino Elton Sousa de Ara\u00fajo Alini Maria Orathes Ponte Silva &#8211; Cremeb 21398 Franklin Santana [&hellip;]<\/p>\n","protected":false},"author":12,"featured_media":0,"comment_status":"open","ping_status":"open","sticky":false,"template":"","format":"standard","meta":{"_expiration-date-status":"","_expiration-date":0,"_expiration-date-type":"","_expiration-date-categories":[],"_expiration-date-options":[]},"categories":[43],"tags":[78,83,62],"acf":[],"_links":{"self":[{"href":"https:\/\/www.cremeb.org.br\/index.php\/wp-json\/wp\/v2\/posts\/42763"}],"collection":[{"href":"https:\/\/www.cremeb.org.br\/index.php\/wp-json\/wp\/v2\/posts"}],"about":[{"href":"https:\/\/www.cremeb.org.br\/index.php\/wp-json\/wp\/v2\/types\/post"}],"author":[{"embeddable":true,"href":"https:\/\/www.cremeb.org.br\/index.php\/wp-json\/wp\/v2\/users\/12"}],"replies":[{"embeddable":true,"href":"https:\/\/www.cremeb.org.br\/index.php\/wp-json\/wp\/v2\/comments?post=42763"}],"version-history":[{"count":3,"href":"https:\/\/www.cremeb.org.br\/index.php\/wp-json\/wp\/v2\/posts\/42763\/revisions"}],"predecessor-version":[{"id":46149,"href":"https:\/\/www.cremeb.org.br\/index.php\/wp-json\/wp\/v2\/posts\/42763\/revisions\/46149"}],"wp:attachment":[{"href":"https:\/\/www.cremeb.org.br\/index.php\/wp-json\/wp\/v2\/media?parent=42763"}],"wp:term":[{"taxonomy":"category","embeddable":true,"href":"https:\/\/www.cremeb.org.br\/index.php\/wp-json\/wp\/v2\/categories?post=42763"},{"taxonomy":"post_tag","embeddable":true,"href":"https:\/\/www.cremeb.org.br\/index.php\/wp-json\/wp\/v2\/tags?post=42763"}],"curies":[{"name":"wp","href":"https:\/\/api.w.org\/{rel}","templated":true}]}}