{"id":34866,"date":"2022-01-20T21:29:34","date_gmt":"2022-01-21T00:29:34","guid":{"rendered":"https:\/\/www.cremeb.org.br\/?p=34866"},"modified":"2024-07-23T16:19:09","modified_gmt":"2024-07-23T19:19:09","slug":"fiscalizacao-do-cremeb-visita-hospital-edgard-santos-apos-desabamento-de-piso","status":"publish","type":"post","link":"https:\/\/www.cremeb.org.br\/index.php\/noticias\/fiscalizacao-do-cremeb-visita-hospital-edgard-santos-apos-desabamento-de-piso\/","title":{"rendered":"Fiscaliza\u00e7\u00e3o do Cremeb visita Hospital Edgard Santos ap\u00f3s desabamento de piso"},"content":{"rendered":"<p>Ap\u00f3s ter ci\u00eancia do desabamento do piso de um consult\u00f3rio no setor da Onco-Hematologia do Hospital Universit\u00e1rio Professor Edgard Santos, ocorrido dia 14 de janeiro, a equipe de fiscaliza\u00e7\u00e3o do Conselho Regional de Medicina do Estado da Bahia (Cremeb) visitou a unidade, constatando o isolamento e interdi\u00e7\u00e3o do andar t\u00e9rreo, no setor onde aconteceu o acidente. A regi\u00e3o do pr\u00e9dio onde ocorreu o desabamento est\u00e1 em obras para reforma do refeit\u00f3rio e cozinha, retomadas em setembro de 2021, mas que teve o seu in\u00edcio anunciado ainda em junho de 2018.<\/p>\n<p><img decoding=\"async\" loading=\"lazy\" class=\"alignnone size-medium wp-image-34867 aligncenter\" src=\"https:\/\/www.cremeb.org.br\/wp-content\/uploads\/2022\/01\/lsp_e349b648ff62d8816fc6fde560f6f0c0_200122-092515-357x268.jpg\" alt=\"\" width=\"357\" height=\"268\" srcset=\"https:\/\/www.cremeb.org.br\/wp-content\/uploads\/2022\/01\/lsp_e349b648ff62d8816fc6fde560f6f0c0_200122-092515-357x268.jpg 357w, https:\/\/www.cremeb.org.br\/wp-content\/uploads\/2022\/01\/lsp_e349b648ff62d8816fc6fde560f6f0c0_200122-092515-768x576.jpg 768w, https:\/\/www.cremeb.org.br\/wp-content\/uploads\/2022\/01\/lsp_e349b648ff62d8816fc6fde560f6f0c0_200122-092515-1024x768.jpg 1024w, https:\/\/www.cremeb.org.br\/wp-content\/uploads\/2022\/01\/lsp_e349b648ff62d8816fc6fde560f6f0c0_200122-092515.jpg 2016w\" sizes=\"(max-width: 357px) 100vw, 357px\" \/><\/p>\n<p>Em conversa com a diretoria t\u00e9cnica e demais funcion\u00e1rios da unidade, a fiscaliza\u00e7\u00e3o do Cremeb ouviu que, devido ao barulho gerado pela obra, o atendimento do Ambulat\u00f3rio de Onco-Hematologia foi transferido h\u00e1 cerca de uma semana antes do acidente. O servi\u00e7o foi realocado para as enfermarias 2c e 3c e para o Centro Pedi\u00e1trico Professor Hosannah Oliveira.<\/p>\n<p>Ainda n\u00e3o se sabe os reais motivos do desabamento do piso, pois a empresa Potencial Engenharia e Instala\u00e7\u00f5es, respons\u00e1vel pelas obras de reforma no hospital, encontra-se fazendo an\u00e1lise t\u00e9cnica do ocorrido para determina\u00e7\u00e3o das causas, bem como das interven\u00e7\u00f5es necess\u00e1rio para reconstru\u00e7\u00e3o do piso. De acordo com a Coordena\u00e7\u00e3o M\u00e9dica do Servi\u00e7o de Onco-Hematologia do Edgard Santos, com a realoca\u00e7\u00e3o &#8211; espera-se que n\u00e3o haja &#8211; paraliza\u00e7\u00e3o ou preju\u00edzo na oferta do servi\u00e7o a popula\u00e7\u00e3o, nem nas atividades pr\u00e1ticas acad\u00eamicas ali desenvolvidas.<\/p>\n","protected":false},"excerpt":{"rendered":"<p>Ap\u00f3s ter ci\u00eancia do desabamento do piso de um consult\u00f3rio no setor da Onco-Hematologia do Hospital Universit\u00e1rio Professor Edgard Santos, [&hellip;]<\/p>\n","protected":false},"author":2,"featured_media":34872,"comment_status":"open","ping_status":"open","sticky":false,"template":"","format":"standard","meta":{"_expiration-date-status":"","_expiration-date":0,"_expiration-date-type":"","_expiration-date-categories":[],"_expiration-date-options":[]},"categories":[4,1,28,52],"tags":[],"acf":[],"_links":{"self":[{"href":"https:\/\/www.cremeb.org.br\/index.php\/wp-json\/wp\/v2\/posts\/34866"}],"collection":[{"href":"https:\/\/www.cremeb.org.br\/index.php\/wp-json\/wp\/v2\/posts"}],"about":[{"href":"https:\/\/www.cremeb.org.br\/index.php\/wp-json\/wp\/v2\/types\/post"}],"author":[{"embeddable":true,"href":"https:\/\/www.cremeb.org.br\/index.php\/wp-json\/wp\/v2\/users\/2"}],"replies":[{"embeddable":true,"href":"https:\/\/www.cremeb.org.br\/index.php\/wp-json\/wp\/v2\/comments?post=34866"}],"version-history":[{"count":3,"href":"https:\/\/www.cremeb.org.br\/index.php\/wp-json\/wp\/v2\/posts\/34866\/revisions"}],"predecessor-version":[{"id":34871,"href":"https:\/\/www.cremeb.org.br\/index.php\/wp-json\/wp\/v2\/posts\/34866\/revisions\/34871"}],"wp:featuredmedia":[{"embeddable":true,"href":"https:\/\/www.cremeb.org.br\/index.php\/wp-json\/wp\/v2\/media\/34872"}],"wp:attachment":[{"href":"https:\/\/www.cremeb.org.br\/index.php\/wp-json\/wp\/v2\/media?parent=34866"}],"wp:term":[{"taxonomy":"category","embeddable":true,"href":"https:\/\/www.cremeb.org.br\/index.php\/wp-json\/wp\/v2\/categories?post=34866"},{"taxonomy":"post_tag","embeddable":true,"href":"https:\/\/www.cremeb.org.br\/index.php\/wp-json\/wp\/v2\/tags?post=34866"}],"curies":[{"name":"wp","href":"https:\/\/api.w.org\/{rel}","templated":true}]}}