{"id":32907,"date":"2021-04-28T13:34:25","date_gmt":"2021-04-28T13:34:25","guid":{"rendered":"https:\/\/www.cremeb.org.br\/?p=32907"},"modified":"2021-04-28T14:49:12","modified_gmt":"2021-04-28T14:49:12","slug":"nota-de-pesar-cremeb-informa-falecimento-do-medico-eduardo-henrique-cardoso","status":"publish","type":"post","link":"https:\/\/www.cremeb.org.br\/index.php\/obituario\/nota-de-pesar-cremeb-informa-falecimento-do-medico-eduardo-henrique-cardoso\/","title":{"rendered":"Nota de pesar: Cremeb informa falecimento do m\u00e9dico Eduardo Henrique Cardoso, v\u00edtima da Covid-19"},"content":{"rendered":"<p>O Conselho Regional de Medicina do Estado da Bahia (Cremeb) informa com pesar o falecimento do m\u00e9dico Eduardo Henrique Manso Cardoso e Silva, aos 73 anos, v\u00edtima da Covid-19. Natural de Ilh\u00e9us, na regi\u00e3o Sul da Bahia, Dudu Cardoso &#8211; como o m\u00e9dico era chamado carinhosamente por colegas de profiss\u00e3o -, formou-se na Escola Bahiana de Medicina e Sa\u00fade P\u00fablica, na turma de 73.<\/p>\n<p>&#8220;Seus v\u00e1rios amigos e familiares o achavam de uma personalidade e car\u00e1ter dignos de admira\u00e7\u00e3o. Agora restar\u00e3o lembran\u00e7as e muitas saudades da sua presen\u00e7a nas reuni\u00f5es da famosa turma de 73&#8221;, registra o colega de formatura, Dr. Maur\u00edcio Nunes.<\/p>\n<p>Aos familiares e amigos do m\u00e9dico Eduardo Eduardo Henrique Manso Cardoso e Silva, o Cremeb expressa o seu pesar e a sua solidariedade.<\/p>\n","protected":false},"excerpt":{"rendered":"<p>O Conselho Regional de Medicina do Estado da Bahia (Cremeb) informa com pesar o falecimento do m\u00e9dico Eduardo Henrique Manso [&hellip;]<\/p>\n","protected":false},"author":2,"featured_media":32490,"comment_status":"open","ping_status":"open","sticky":false,"template":"","format":"standard","meta":{"_expiration-date-status":"saved","_expiration-date":0,"_expiration-date-type":"","_expiration-date-categories":[],"_expiration-date-options":[]},"categories":[67],"tags":[],"acf":[],"_links":{"self":[{"href":"https:\/\/www.cremeb.org.br\/index.php\/wp-json\/wp\/v2\/posts\/32907"}],"collection":[{"href":"https:\/\/www.cremeb.org.br\/index.php\/wp-json\/wp\/v2\/posts"}],"about":[{"href":"https:\/\/www.cremeb.org.br\/index.php\/wp-json\/wp\/v2\/types\/post"}],"author":[{"embeddable":true,"href":"https:\/\/www.cremeb.org.br\/index.php\/wp-json\/wp\/v2\/users\/2"}],"replies":[{"embeddable":true,"href":"https:\/\/www.cremeb.org.br\/index.php\/wp-json\/wp\/v2\/comments?post=32907"}],"version-history":[{"count":4,"href":"https:\/\/www.cremeb.org.br\/index.php\/wp-json\/wp\/v2\/posts\/32907\/revisions"}],"predecessor-version":[{"id":32911,"href":"https:\/\/www.cremeb.org.br\/index.php\/wp-json\/wp\/v2\/posts\/32907\/revisions\/32911"}],"wp:featuredmedia":[{"embeddable":true,"href":"https:\/\/www.cremeb.org.br\/index.php\/wp-json\/wp\/v2\/media\/32490"}],"wp:attachment":[{"href":"https:\/\/www.cremeb.org.br\/index.php\/wp-json\/wp\/v2\/media?parent=32907"}],"wp:term":[{"taxonomy":"category","embeddable":true,"href":"https:\/\/www.cremeb.org.br\/index.php\/wp-json\/wp\/v2\/categories?post=32907"},{"taxonomy":"post_tag","embeddable":true,"href":"https:\/\/www.cremeb.org.br\/index.php\/wp-json\/wp\/v2\/tags?post=32907"}],"curies":[{"name":"wp","href":"https:\/\/api.w.org\/{rel}","templated":true}]}}