{"id":32531,"date":"2021-03-18T17:50:32","date_gmt":"2021-03-18T20:50:32","guid":{"rendered":"https:\/\/www.cremeb.org.br\/?p=32531"},"modified":"2024-07-23T16:19:48","modified_gmt":"2024-07-23T19:19:48","slug":"fiscalizacao-a-junta-medica-municipal-de-salvador-encontra-diversas-inconformidades-no-ambulatorio-da-unidade","status":"publish","type":"post","link":"https:\/\/www.cremeb.org.br\/index.php\/noticias\/fiscalizacao-a-junta-medica-municipal-de-salvador-encontra-diversas-inconformidades-no-ambulatorio-da-unidade\/","title":{"rendered":"Fiscaliza\u00e7\u00e3o \u00e0 Junta M\u00e9dica Municipal de Salvador encontra diversas inconformidades no ambulat\u00f3rio da unidade"},"content":{"rendered":"<p>Mesmo ap\u00f3s um ano de decretada a pandemia de Covid-19 no Brasil, m\u00e9dicos e demais profissionais de sa\u00fade da Junta M\u00e9dica do Munic\u00edpio de Salvador n\u00e3o t\u00eam recebido da unidade os devidos Equipamentos de Prote\u00e7\u00e3o Individual (EPI\u00b4s) para execu\u00e7\u00e3o dos seus trabalhos.<\/p>\n<p>O fato foi identificado pela fiscaliza\u00e7\u00e3o do Conselho Regional de Medicina do Estado da Bahia (Cremeb) ao local, que encontrou tamb\u00e9m diversas outras inconformidades, algumas delas correlacionadas \u00e0s medidas de preven\u00e7\u00e3o contra o coronav\u00edrus.<\/p>\n<p>Diferente do preconizado pelas autoridades sanit\u00e1rias, n\u00e3o h\u00e1 \u00e1lcool gel \u00e0 disposi\u00e7\u00e3o nos ambientes do ambulat\u00f3rio, e dos quatro sanit\u00e1rios da unidade, tr\u00eas deles se encontram sem fornecimento de \u00e1gua para as pias, debilitando assim a oferta de higieniza\u00e7\u00e3o aos usu\u00e1rios e profissionais. J\u00e1 os len\u00e7\u00f3is das macas dos consult\u00f3rios n\u00e3o s\u00e3o trocados por falta de rotinas de limpeza e higieniza\u00e7\u00e3o dos mesmos.<\/p>\n<p>O sanit\u00e1rio destinado aos pacientes, por exemplo, encontra-se interditado h\u00e1 cerca de dois meses por conta de problemas hidr\u00e1ulicos e infiltra\u00e7\u00f5es, como registrado nas fotos abaixo, e um dos sanit\u00e1rios dos servidores n\u00e3o possui ilumina\u00e7\u00e3o e apresenta extensa dissemina\u00e7\u00e3o de \u00e1reas de infiltra\u00e7\u00e3o e fungos nas paredes e no teto.<\/p>\n\n\t\t<style type=\"text\/css\">\n\t\t\t#gallery-1 {\n\t\t\t\tmargin: auto;\n\t\t\t}\n\t\t\t#gallery-1 .gallery-item {\n\t\t\t\tfloat: left;\n\t\t\t\tmargin-top: 10px;\n\t\t\t\ttext-align: center;\n\t\t\t\twidth: 20%;\n\t\t\t}\n\t\t\t#gallery-1 img {\n\t\t\t\tborder: 2px solid #cfcfcf;\n\t\t\t}\n\t\t\t#gallery-1 .gallery-caption {\n\t\t\t\tmargin-left: 0;\n\t\t\t}\n\t\t\t\/* see gallery_shortcode() in wp-includes\/media.php *\/\n\t\t<\/style>\n\t\t<div id='gallery-1' class='gallery galleryid-32531 gallery-columns-5 gallery-size-thumbnail'><dl class='gallery-item'>\n\t\t\t<dt class='gallery-icon landscape'>\n\t\t\t\t<a href='https:\/\/www.cremeb.org.br\/index.php\/noticias\/fiscalizacao-a-junta-medica-municipal-de-salvador-encontra-diversas-inconformidades-no-ambulatorio-da-unidade\/attachment\/fisc\/'><img width=\"150\" height=\"100\" src=\"https:\/\/www.cremeb.org.br\/wp-content\/uploads\/2021\/03\/lsp_32793da520231e321b2b15af5535cbe2_180321-054902-150x100.jpg\" class=\"attachment-thumbnail size-thumbnail\" alt=\"\" decoding=\"async\" loading=\"lazy\" \/><\/a>\n\t\t\t<\/dt><\/dl><dl class='gallery-item'>\n\t\t\t<dt class='gallery-icon landscape'>\n\t\t\t\t<a href='https:\/\/www.cremeb.org.br\/index.php\/noticias\/fiscalizacao-a-junta-medica-municipal-de-salvador-encontra-diversas-inconformidades-no-ambulatorio-da-unidade\/attachment\/fisc1\/'><img width=\"150\" height=\"100\" src=\"https:\/\/www.cremeb.org.br\/wp-content\/uploads\/2021\/03\/lsp_76f33f8d15563589aecb386e0e26ec9b_180321-054903-150x100.jpg\" class=\"attachment-thumbnail size-thumbnail\" alt=\"\" decoding=\"async\" loading=\"lazy\" \/><\/a>\n\t\t\t<\/dt><\/dl><dl class='gallery-item'>\n\t\t\t<dt class='gallery-icon landscape'>\n\t\t\t\t<a href='https:\/\/www.cremeb.org.br\/index.php\/noticias\/fiscalizacao-a-junta-medica-municipal-de-salvador-encontra-diversas-inconformidades-no-ambulatorio-da-unidade\/attachment\/fisc2\/'><img width=\"150\" height=\"100\" src=\"https:\/\/www.cremeb.org.br\/wp-content\/uploads\/2021\/03\/lsp_36e832e94044d941683123da0d8ba7fe_180321-054905-150x100.jpg\" class=\"attachment-thumbnail size-thumbnail\" alt=\"\" decoding=\"async\" loading=\"lazy\" \/><\/a>\n\t\t\t<\/dt><\/dl><dl class='gallery-item'>\n\t\t\t<dt class='gallery-icon landscape'>\n\t\t\t\t<a href='https:\/\/www.cremeb.org.br\/index.php\/noticias\/fiscalizacao-a-junta-medica-municipal-de-salvador-encontra-diversas-inconformidades-no-ambulatorio-da-unidade\/attachment\/fisc3\/'><img width=\"150\" height=\"100\" src=\"https:\/\/www.cremeb.org.br\/wp-content\/uploads\/2021\/03\/lsp_67a22ec3215bf20c76242e2533a57381_180321-054907-150x100.jpg\" class=\"attachment-thumbnail size-thumbnail\" alt=\"\" decoding=\"async\" loading=\"lazy\" \/><\/a>\n\t\t\t<\/dt><\/dl><dl class='gallery-item'>\n\t\t\t<dt class='gallery-icon landscape'>\n\t\t\t\t<a href='https:\/\/www.cremeb.org.br\/index.php\/noticias\/fiscalizacao-a-junta-medica-municipal-de-salvador-encontra-diversas-inconformidades-no-ambulatorio-da-unidade\/attachment\/fisc4\/'><img width=\"150\" height=\"100\" src=\"https:\/\/www.cremeb.org.br\/wp-content\/uploads\/2021\/03\/lsp_3c93fec80a765e74756b11e2a7fac135_180321-054909-150x100.jpg\" class=\"attachment-thumbnail size-thumbnail\" alt=\"\" decoding=\"async\" loading=\"lazy\" \/><\/a>\n\t\t\t<\/dt><\/dl><br style=\"clear: both\" \/>\n\t\t<\/div>\n\n<p>Al\u00e9m dessas inconformidades acima, a fiscaliza\u00e7\u00e3o realizada pelo m\u00e9dico fiscal Ricardo Fernandes e pelo conselheiro Evandro Gouveia, registrou tamb\u00e9m que a Junta M\u00e9dica de Salvador n\u00e3o possui cadastro no Cremeb, nem Diretor T\u00e9cnico registrado junto ao Conselho.<\/p>\n<p>Diante da situa\u00e7\u00e3o, o Cremeb enviou of\u00edcios para Secretaria Municipal de Sa\u00fade de Salvador no dia 8 de mar\u00e7o, solicitando retorno num prazo de 15 dias e para Secretaria de Gest\u00e3o da Prefeitura e Vigil\u00e2ncia Sanit\u00e1ria, relatando as inconformidades constatadas e em busca de resolu\u00e7\u00e3o dos problemas que afetam diretamente a qualidade do atendimento no local.<\/p>\n","protected":false},"excerpt":{"rendered":"<p>Mesmo ap\u00f3s um ano de decretada a pandemia de Covid-19 no Brasil, m\u00e9dicos e demais profissionais de sa\u00fade da Junta [&hellip;]<\/p>\n","protected":false},"author":2,"featured_media":28000,"comment_status":"open","ping_status":"open","sticky":false,"template":"","format":"standard","meta":{"_expiration-date-status":"","_expiration-date":0,"_expiration-date-type":"","_expiration-date-categories":[],"_expiration-date-options":[]},"categories":[4,1,28],"tags":[],"acf":[],"_links":{"self":[{"href":"https:\/\/www.cremeb.org.br\/index.php\/wp-json\/wp\/v2\/posts\/32531"}],"collection":[{"href":"https:\/\/www.cremeb.org.br\/index.php\/wp-json\/wp\/v2\/posts"}],"about":[{"href":"https:\/\/www.cremeb.org.br\/index.php\/wp-json\/wp\/v2\/types\/post"}],"author":[{"embeddable":true,"href":"https:\/\/www.cremeb.org.br\/index.php\/wp-json\/wp\/v2\/users\/2"}],"replies":[{"embeddable":true,"href":"https:\/\/www.cremeb.org.br\/index.php\/wp-json\/wp\/v2\/comments?post=32531"}],"version-history":[{"count":1,"href":"https:\/\/www.cremeb.org.br\/index.php\/wp-json\/wp\/v2\/posts\/32531\/revisions"}],"predecessor-version":[{"id":32537,"href":"https:\/\/www.cremeb.org.br\/index.php\/wp-json\/wp\/v2\/posts\/32531\/revisions\/32537"}],"wp:featuredmedia":[{"embeddable":true,"href":"https:\/\/www.cremeb.org.br\/index.php\/wp-json\/wp\/v2\/media\/28000"}],"wp:attachment":[{"href":"https:\/\/www.cremeb.org.br\/index.php\/wp-json\/wp\/v2\/media?parent=32531"}],"wp:term":[{"taxonomy":"category","embeddable":true,"href":"https:\/\/www.cremeb.org.br\/index.php\/wp-json\/wp\/v2\/categories?post=32531"},{"taxonomy":"post_tag","embeddable":true,"href":"https:\/\/www.cremeb.org.br\/index.php\/wp-json\/wp\/v2\/tags?post=32531"}],"curies":[{"name":"wp","href":"https:\/\/api.w.org\/{rel}","templated":true}]}}