{"id":31838,"date":"2021-01-05T12:48:33","date_gmt":"2021-01-05T15:48:33","guid":{"rendered":"http:\/\/www.cremeb.org.br\/?p=31838"},"modified":"2024-07-23T16:31:26","modified_gmt":"2024-07-23T19:31:26","slug":"cremeb-e-sindimed-fiscalizam-maternidade-climerio-de-oliveira-e-constatam-condicoes-indevidas","status":"publish","type":"post","link":"https:\/\/www.cremeb.org.br\/index.php\/noticias\/cremeb-e-sindimed-fiscalizam-maternidade-climerio-de-oliveira-e-constatam-condicoes-indevidas\/","title":{"rendered":"Cremeb e Sindimed fiscalizam Maternidade Clim\u00e9rio de Oliveira e constatam condi\u00e7\u00f5es indevidas"},"content":{"rendered":"<p>Motivados por den\u00fancia informando risco de contamina\u00e7\u00e3o de profissionais da sa\u00fade pela COVID-19, por aglomera\u00e7\u00e3o de funcion\u00e1rios, o Conselho Regional de Medicina do Estado da Bahia (Cremeb), juntamente com o Sindicato dos M\u00e9dicos do Estado da Bahia (Sindimed), realizou fiscaliza\u00e7\u00e3o na Maternidade Clim\u00e9rio de Oliveira, que \u00e9 um hospital escola da Universidade Federal da Bahia (UFBA). A unidade estava fechada para reforma h\u00e1 tr\u00eas anos e foi reaberta antes da conclus\u00e3o total da reforma, em parte por conta da pandemia.<\/p>\n<p>De acordo com a den\u00fancia, n\u00e3o h\u00e1 condi\u00e7\u00f5es para repouso dos funcion\u00e1rios, local adequado para alimenta\u00e7\u00e3o, nem vesti\u00e1rios suficientes. &#8220;Chamou a aten\u00e7\u00e3o que, ap\u00f3s tr\u00eas anos de reforma, a maternidade seja reaberta e s\u00f3 ent\u00e3o seja detectada a falta de estrutura para acomodar a equipe de profissionais da sa\u00fade, sejam m\u00e9dicos ou n\u00e3o. Situa\u00e7\u00e3o ainda mais cr\u00edtica neste momento de pandemia&#8221;, explica o vice-presidente do Cremeb, Cons. Julio Braga, que participou da visita ao lado do m\u00e9dico fiscal Ricardo Fernandes.<\/p>\n<p>A inspe\u00e7\u00e3o da unidade constatou que os quartos de repouso noturno s\u00e3o m\u00ednimos e permanecem superlotados, com beliches colados (seis pessoas em um quarto de 10m2), sem ventila\u00e7\u00e3o e\/ou climatiza\u00e7\u00e3o adequadas. Mesmo considerando que as equipes n\u00e3o est\u00e3o completas e a utiliza\u00e7\u00e3o ocorre em rod\u00edzio entre os funcion\u00e1rios, a estrutura \u00e9 insuficiente. Por falta de arm\u00e1rios, os quartos acabam amontoando bolsas, sacolas com refei\u00e7\u00f5es, sapatos e outros objetos, ficando os ambientes sujeitos a falta de higiene, quando est\u00e3o trancados, e a furto dos pertences, quando abertos.<\/p>\n<p>Outro problema \u00e9 o tamanho e quantidade de vesti\u00e1rios, resultando na demora em seu uso quando o profissional chega ou sai do trabalho. Para um intervalo de almo\u00e7o de uma hora, o servidor pode demorar at\u00e9 30 minutos aguardando um vesti\u00e1rio livre para trocar de roupa. Foi constatado tamb\u00e9m que a MCO n\u00e3o fornece refei\u00e7\u00e3o no local e os funcion\u00e1rios n\u00e3o t\u00eam onde manter os alimentos refrigerados, nem onde aquec\u00ea-los. O refeit\u00f3rio, que j\u00e1 \u00e9 pequeno para os servidores, ainda \u00e9 compartilhado com visitantes e parentes de pacientes.<\/p>\n<p>Al\u00e9m de desconforto, tudo isto afeta diretamente a seguran\u00e7a dos profissionais de sa\u00fade. &#8220;E o pior \u00e9 tratar-se de um hospital-escola: um modelo que n\u00e3o deveria ser passado para os estudantes como normal\u201d. Tal situa\u00e7\u00e3o s\u00f3 tende a agravar quando estudantes e m\u00e9dicos residentes passarem a dar plant\u00e3o no local e ocorrer a reabertura de algumas unidades ainda em reforma&#8221;, avalia o conselheiro vice-presidente.<\/p>\n<p>Assim que finalizado, o relat\u00f3rio da fiscaliza\u00e7\u00e3o ser\u00e1 repassado cobrando provid\u00eancias \u00e0 m\u00e9dica e Diretora T\u00e9cnica da MCO, Dra. Adriana Bruno que reconheceu os problemas e se comprometeu a lutar pela resolu\u00e7\u00e3o; para a Superintendente e respons\u00e1vel principal pela unidade, a enfermeira Sinaide Coelho e tamb\u00e9m para o Conselho Regional de Enfermagem do Estado da Bahia (Coren) e outros para medidas que considerar cab\u00edveis. Repassaremos tamb\u00e9m para a UFBA, para que avalie cautelosamente a quantidade de alunos a ser encaminhados para a MCO enquanto n\u00e3o forem resolvidas as pend\u00eancias listadas.<\/p>\n","protected":false},"excerpt":{"rendered":"<p>Motivados por den\u00fancia informando risco de contamina\u00e7\u00e3o de profissionais da sa\u00fade pela COVID-19, por aglomera\u00e7\u00e3o de funcion\u00e1rios, o Conselho Regional [&hellip;]<\/p>\n","protected":false},"author":2,"featured_media":28000,"comment_status":"open","ping_status":"open","sticky":false,"template":"","format":"standard","meta":{"_expiration-date-status":"","_expiration-date":0,"_expiration-date-type":"","_expiration-date-categories":[],"_expiration-date-options":[]},"categories":[4,1,28,52],"tags":[],"acf":[],"_links":{"self":[{"href":"https:\/\/www.cremeb.org.br\/index.php\/wp-json\/wp\/v2\/posts\/31838"}],"collection":[{"href":"https:\/\/www.cremeb.org.br\/index.php\/wp-json\/wp\/v2\/posts"}],"about":[{"href":"https:\/\/www.cremeb.org.br\/index.php\/wp-json\/wp\/v2\/types\/post"}],"author":[{"embeddable":true,"href":"https:\/\/www.cremeb.org.br\/index.php\/wp-json\/wp\/v2\/users\/2"}],"replies":[{"embeddable":true,"href":"https:\/\/www.cremeb.org.br\/index.php\/wp-json\/wp\/v2\/comments?post=31838"}],"version-history":[{"count":3,"href":"https:\/\/www.cremeb.org.br\/index.php\/wp-json\/wp\/v2\/posts\/31838\/revisions"}],"predecessor-version":[{"id":31870,"href":"https:\/\/www.cremeb.org.br\/index.php\/wp-json\/wp\/v2\/posts\/31838\/revisions\/31870"}],"wp:featuredmedia":[{"embeddable":true,"href":"https:\/\/www.cremeb.org.br\/index.php\/wp-json\/wp\/v2\/media\/28000"}],"wp:attachment":[{"href":"https:\/\/www.cremeb.org.br\/index.php\/wp-json\/wp\/v2\/media?parent=31838"}],"wp:term":[{"taxonomy":"category","embeddable":true,"href":"https:\/\/www.cremeb.org.br\/index.php\/wp-json\/wp\/v2\/categories?post=31838"},{"taxonomy":"post_tag","embeddable":true,"href":"https:\/\/www.cremeb.org.br\/index.php\/wp-json\/wp\/v2\/tags?post=31838"}],"curies":[{"name":"wp","href":"https:\/\/api.w.org\/{rel}","templated":true}]}}