{"id":29492,"date":"2020-06-23T13:42:05","date_gmt":"2020-06-23T16:42:05","guid":{"rendered":"http:\/\/www.cremeb.org.br\/?p=29492"},"modified":"2024-07-23T16:23:27","modified_gmt":"2024-07-23T19:23:27","slug":"cremeb-fiscaliza-hospital-evangelico-e-identifica-debilidades-emergencia-esta-paralisada-ha-um-mes","status":"publish","type":"post","link":"https:\/\/www.cremeb.org.br\/index.php\/noticias\/cremeb-fiscaliza-hospital-evangelico-e-identifica-debilidades-emergencia-esta-paralisada-ha-um-mes\/","title":{"rendered":"Cremeb fiscaliza Hospital Evang\u00e9lico e identifica debilidades; Emerg\u00eancia est\u00e1 paralisada h\u00e1 um m\u00eas"},"content":{"rendered":"<p>A fiscaliza\u00e7\u00e3o do Conselho Regional de Medicina do Estado da Bahia (Cremeb) visitou as depend\u00eancias do Hospital Evang\u00e9lico da Bahia por duas vezes dentre a segunda quinzena de maio e a primeira quinzena de junho. Na \u00faltima visita, dia 8 deste m\u00eas, foi identificada a paralisa\u00e7\u00e3o da Unidade de Emerg\u00eancia desde 21 de maio, ocasionada pelas dificuldades de contrata\u00e7\u00e3o de profissionais e das limita\u00e7\u00f5es financeiras que vem passando a institui\u00e7\u00e3o.<\/p>\n<p>De acordo com a ger\u00eancia do Evang\u00e9lico, a equipe de profissionais (m\u00e9dicos, enfermeiros, t\u00e9cnicos de enfermagem e higienizadores) vem convivendo com um atraso salarial de quatro meses, o que dificulta tamb\u00e9m a contrata\u00e7\u00e3o de novos profissionais. A diretoria t\u00e9cnica explicou durante que a situa\u00e7\u00e3o est\u00e1 sendo trabalhada internamente e que as atividades da Emerg\u00eancia ser\u00e3o retomadas logo quanto poss\u00edvel.<\/p>\n<p>O Evang\u00e9lico enfrenta tamb\u00e9m o desabastecimento de alguns rem\u00e9dios na sua farm\u00e1cia, den\u00fancia que motivou a referida fiscaliza\u00e7\u00e3o. Alguns medicamentos est\u00e3o em falta por toda a rede devido a limita\u00e7\u00f5es log\u00edsticas impostas pela pandemia, de acordo com a farmac\u00eautica respons\u00e1vel. Dentre as drogas mais escassas est\u00e3o a noroadrenalina, a dopamina, o rocur\u00f4nio e o midazolan.<\/p>\n<p>Como constatado pelo Cremeb em diversas outras unidade de sa\u00fade, o Hospital tamb\u00e9m sofre com a log\u00edstica de distribui\u00e7\u00e3o dos testes para a COVID-19 por parte do Laborat\u00f3rio Central de Sa\u00fade P\u00fablica (Lacen), bem como o atraso na entrega dos resultados desses exames, que por vezes chegam a demorar at\u00e9 cinco dias. O Cremeb orientou aos gestores da unidade que cobrassem ao Laborat\u00f3rio um maior quantitativo e celeridade para essa situa\u00e7\u00e3o.<\/p>\n<p>No momento da primeira fiscaliza\u00e7\u00e3o, ainda em maio, todos os profissionais portavam os seus respectivos Equipamentos de Prote\u00e7\u00e3o Individual (EPI\u00b4s), mas diante da not\u00f3ria aus\u00eancia de estoque reserva para novo uso, o Conselho instruiu a amplia\u00e7\u00e3o do quantitativo na unidade, para prevenir e evitar o desabastecimento.<\/p>\n<p>Ao Hospital Evang\u00e9lico, o Cremeb deu o prazo de 15 dias para que, atrav\u00e9s do diretor t\u00e9cnico, adotasse provid\u00eancias no intuito sanar os problemas e defici\u00eancias encontrados, bem como um plano para efetiva resolu\u00e7\u00e3o.<\/p>\n","protected":false},"excerpt":{"rendered":"<p>A fiscaliza\u00e7\u00e3o do Conselho Regional de Medicina do Estado da Bahia (Cremeb) visitou as depend\u00eancias do Hospital Evang\u00e9lico da Bahia [&hellip;]<\/p>\n","protected":false},"author":2,"featured_media":28000,"comment_status":"open","ping_status":"open","sticky":false,"template":"","format":"standard","meta":{"_expiration-date-status":"","_expiration-date":0,"_expiration-date-type":"","_expiration-date-categories":[],"_expiration-date-options":[]},"categories":[4,1,28],"tags":[],"acf":[],"_links":{"self":[{"href":"https:\/\/www.cremeb.org.br\/index.php\/wp-json\/wp\/v2\/posts\/29492"}],"collection":[{"href":"https:\/\/www.cremeb.org.br\/index.php\/wp-json\/wp\/v2\/posts"}],"about":[{"href":"https:\/\/www.cremeb.org.br\/index.php\/wp-json\/wp\/v2\/types\/post"}],"author":[{"embeddable":true,"href":"https:\/\/www.cremeb.org.br\/index.php\/wp-json\/wp\/v2\/users\/2"}],"replies":[{"embeddable":true,"href":"https:\/\/www.cremeb.org.br\/index.php\/wp-json\/wp\/v2\/comments?post=29492"}],"version-history":[{"count":2,"href":"https:\/\/www.cremeb.org.br\/index.php\/wp-json\/wp\/v2\/posts\/29492\/revisions"}],"predecessor-version":[{"id":29508,"href":"https:\/\/www.cremeb.org.br\/index.php\/wp-json\/wp\/v2\/posts\/29492\/revisions\/29508"}],"wp:featuredmedia":[{"embeddable":true,"href":"https:\/\/www.cremeb.org.br\/index.php\/wp-json\/wp\/v2\/media\/28000"}],"wp:attachment":[{"href":"https:\/\/www.cremeb.org.br\/index.php\/wp-json\/wp\/v2\/media?parent=29492"}],"wp:term":[{"taxonomy":"category","embeddable":true,"href":"https:\/\/www.cremeb.org.br\/index.php\/wp-json\/wp\/v2\/categories?post=29492"},{"taxonomy":"post_tag","embeddable":true,"href":"https:\/\/www.cremeb.org.br\/index.php\/wp-json\/wp\/v2\/tags?post=29492"}],"curies":[{"name":"wp","href":"https:\/\/api.w.org\/{rel}","templated":true}]}}