{"id":29058,"date":"2020-05-28T09:40:07","date_gmt":"2020-05-28T09:40:07","guid":{"rendered":"http:\/\/www.cremeb.org.br\/?p=29058"},"modified":"2020-10-15T14:09:02","modified_gmt":"2020-10-15T14:09:02","slug":"falso-medico-e-preso-apos-denuncia-da-delegacia-regional-do-cremeb-em-paulo-afonso","status":"publish","type":"post","link":"https:\/\/www.cremeb.org.br\/index.php\/noticias\/falso-medico-e-preso-apos-denuncia-da-delegacia-regional-do-cremeb-em-paulo-afonso\/","title":{"rendered":"Falso m\u00e9dico \u00e9 preso ap\u00f3s den\u00fancia da delegacia regional do Cremeb em Paulo Afonso"},"content":{"rendered":"<p>Ap\u00f3s receber uma den\u00fancia, o Conselho Regional de Medicina do Estado da Bahia (Cremeb), atrav\u00e9s da delegacia regional, conseguiu identificar e coibir mais um caso de exerc\u00edcio ilegal da profiss\u00e3o no estado. No \u00faltimo s\u00e1bado, dia 23, um homem chamado Jackson Isid\u00f3rio Barros foi preso em flagrante em Paulo Afonso, ap\u00f3s o representante do Conselho no munic\u00edpio, Dr. Frederico Augusto Reis, acionar a pol\u00edcia da regi\u00e3o.<\/p>\n<p>De acordo com Dr. Frederico, a den\u00fancia relatava que haveria na cidade consulta m\u00e9dica feita por um optometrista nos dias 22 e 23 de maio. \u201cAo confirmar o atendimento, inclusive, com teste de refra\u00e7\u00e3o &#8211; ato privativo do m\u00e9dico para verificar se h\u00e1 ou n\u00e3o necessidade de o paciente usar \u00f3culos\/lentes -, a pol\u00edcia deu voz de pris\u00e3o e o levou para prestar depoimento. Agora, ele vai responder pelo crime em liberdade\u201d, explicou ele.<\/p>\n<p>O Decreto n\u00ba 20.931\/1932, que regulamenta a atividade de diversos profissionais de sa\u00fade, pro\u00edbe os optometristas de ter instala\u00e7\u00f5es de consult\u00f3rios para atender clientes. Ainda segundo a legisla\u00e7\u00e3o, o profissional da optometria n\u00e3o pode realizar consultas ou exames oftalmol\u00f3gicos, nem tampouco prescrever uso de lentes de grau, atribui\u00e7\u00f5es espec\u00edficas do m\u00e9dico. Segundo a legisla\u00e7\u00e3o vigente no Brasil, a sa\u00fade visual \u00e9 ato de responsabilidade exclusiva do m\u00e9dico.<\/p>\n<p>O Cremeb aproveita para, mais uma vez, chamar a aten\u00e7\u00e3o da popula\u00e7\u00e3o quanto as consequ\u00eancias danosas que atos praticados por n\u00e3o-m\u00e9dicos podem causar. Como forma de coibir esse tipo de pr\u00e1tica, o Conselho disponibiliza em seu portal uma ferramenta gratuita de consulta de m\u00e9dicos. Nela, al\u00e9m das informa\u00e7\u00f5es como nome, tipo de inscri\u00e7\u00e3o, situa\u00e7\u00e3o e especialidade, a ferramenta disponibiliza a foto do profissional.<\/p>\n","protected":false},"excerpt":{"rendered":"<p>Ap\u00f3s receber uma den\u00fancia, o Conselho Regional de Medicina do Estado da Bahia (Cremeb), atrav\u00e9s da delegacia regional, conseguiu identificar [&hellip;]<\/p>\n","protected":false},"author":2,"featured_media":29059,"comment_status":"open","ping_status":"open","sticky":false,"template":"","format":"standard","meta":{"_expiration-date-status":"saved","_expiration-date":0,"_expiration-date-type":"","_expiration-date-categories":[],"_expiration-date-options":[]},"categories":[1,28,52],"tags":[],"acf":[],"_links":{"self":[{"href":"https:\/\/www.cremeb.org.br\/index.php\/wp-json\/wp\/v2\/posts\/29058"}],"collection":[{"href":"https:\/\/www.cremeb.org.br\/index.php\/wp-json\/wp\/v2\/posts"}],"about":[{"href":"https:\/\/www.cremeb.org.br\/index.php\/wp-json\/wp\/v2\/types\/post"}],"author":[{"embeddable":true,"href":"https:\/\/www.cremeb.org.br\/index.php\/wp-json\/wp\/v2\/users\/2"}],"replies":[{"embeddable":true,"href":"https:\/\/www.cremeb.org.br\/index.php\/wp-json\/wp\/v2\/comments?post=29058"}],"version-history":[{"count":1,"href":"https:\/\/www.cremeb.org.br\/index.php\/wp-json\/wp\/v2\/posts\/29058\/revisions"}],"predecessor-version":[{"id":29060,"href":"https:\/\/www.cremeb.org.br\/index.php\/wp-json\/wp\/v2\/posts\/29058\/revisions\/29060"}],"wp:featuredmedia":[{"embeddable":true,"href":"https:\/\/www.cremeb.org.br\/index.php\/wp-json\/wp\/v2\/media\/29059"}],"wp:attachment":[{"href":"https:\/\/www.cremeb.org.br\/index.php\/wp-json\/wp\/v2\/media?parent=29058"}],"wp:term":[{"taxonomy":"category","embeddable":true,"href":"https:\/\/www.cremeb.org.br\/index.php\/wp-json\/wp\/v2\/categories?post=29058"},{"taxonomy":"post_tag","embeddable":true,"href":"https:\/\/www.cremeb.org.br\/index.php\/wp-json\/wp\/v2\/tags?post=29058"}],"curies":[{"name":"wp","href":"https:\/\/api.w.org\/{rel}","templated":true}]}}