{"id":28926,"date":"2020-05-15T11:51:04","date_gmt":"2020-05-15T14:51:04","guid":{"rendered":"http:\/\/www.cremeb.org.br\/?p=28926"},"modified":"2024-07-23T16:20:25","modified_gmt":"2024-07-23T19:20:25","slug":"covid-19-fiscalizacao-do-cremeb-visita-mais-quatro-unidades-em-salvador","status":"publish","type":"post","link":"https:\/\/www.cremeb.org.br\/index.php\/noticias\/covid-19-fiscalizacao-do-cremeb-visita-mais-quatro-unidades-em-salvador\/","title":{"rendered":"COVID-19: fiscaliza\u00e7\u00e3o do Cremeb visita mais quatro unidades em Salvador"},"content":{"rendered":"<p>Em cumprimento ao seu papel de fiscalizar as unidades de sa\u00fade em prol da boa pr\u00e1tica da medicina e em defesa da sociedade, o Conselho Regional de Medicina do Estado da Bahia (Cremeb) visitou mais quatro institui\u00e7\u00f5es que prestam servi\u00e7os m\u00e9dicos em Salvador. Mesmo diante a pandemia do Coronav\u00edrus, muitas unidades ainda apresentam debilidades na distribui\u00e7\u00e3o de Equipamentos de Prote\u00e7\u00e3o Individual (EPI\u2019s), d\u00e9ficit na quantidade de profissionais para a demanda recebida e falhas na aplica\u00e7\u00e3o de fluxos de atendimento para casos suspeitos de COVID-19.<\/p>\n<p>Confira abaixo as quatro unidades fiscalizadas pelo Cremeb nesta primeira quinzena de maio:<\/p>\n<p><strong>Hosp. Prof. Edgard Santos (Hospital das Cl\u00ednicas)<\/strong><\/p>\n<p>A fiscaliza\u00e7\u00e3o do Cremeb identificou que, embora as escalas di\u00e1rias das equipes de plant\u00e3o da UTI estejam completas, h\u00e1 uma sobrecarga individual de plant\u00f5es no c\u00e1lculo mensal. Essa realidade deve-se ao d\u00e9ficit atual de m\u00e9dicos, enfermeiros e t\u00e9cnicos de enfermagem. De acordo com a Ger\u00eancia de Aten\u00e7\u00e3o \u00e0 Sa\u00fade, j\u00e1 foram contratados mais cinco m\u00e9dicos, quatro enfermeiros, e dez t\u00e9cnicos em enfermagem para recompor o efetivo das unidades e reativar os leitos ora inativos.<\/p>\n<p>Dentre as recomenda\u00e7\u00f5es de melhorias para o funcionamento da unidade, est\u00e1 a ativa\u00e7\u00e3o dos leitos que n\u00e3o est\u00e3o em funcionamento, totalizando 8 inativos dos 26 leitos do hospital. \u00c9 preciso tamb\u00e9m designar profissional m\u00e9dico respons\u00e1vel pela Diretoria T\u00e9cnica, inexistente no momento da visita, e atualizar cadastro junto ao Conselho, vencido desde dezembro de 2014.<\/p>\n<p><strong>UPA Dr. H\u00e9lio Machado<\/strong><\/p>\n<p>Nesta Unidade de Pronto Atendimento, a visita do Cremeb foi realizada em conjunto com o Sindicato dos M\u00e9dicos do Estado da Bahia (Sindimed), e flagrou 22 profissionais que integram o grupo de risco por faixa et\u00e1ria &#8211; maiores de 60 anos &#8211; em plena atividade no estabelecimento, contrariando as recomenda\u00e7\u00f5es do Minist\u00e9rio da Sa\u00fade. Em face desta situa\u00e7\u00e3o, o Conselho recomendou uma nova cobran\u00e7a \u00e0 Secretaria de Sa\u00fade do Munic\u00edpio para substitui\u00e7\u00e3o dos referidos profissionais.<\/p>\n<p>Foi identificado tamb\u00e9m que n\u00e3o h\u00e1 capas imperme\u00e1veis dispon\u00edveis para os profissionais respons\u00e1veis pela assist\u00eancia aos pacientes, em desfalque ao kit de Equipamentos de Prote\u00e7\u00e3o Individual (EPI&#8217;s) recomendado para o enfrentamento da pandemia. Assim, foi solicitado que a ger\u00eancia da unidade substitu\u00edsse os aventais perme\u00e1veis por capas imperme\u00e1veis.<\/p>\n<p>H\u00e1 d\u00e9ficit tamb\u00e9m na quantidade de kits RT-PCR (rea\u00e7\u00e3o em cadeia polimerase em tempo real) para testagem dos pacientes suspeitos de infec\u00e7\u00e3o por Covid-19, devendo ser exigidas maiores quantidades ao Laborat\u00f3rio Central de Sa\u00fade P\u00fablica (Lacen).<\/p>\n<p><strong>USF Curralinho<\/strong><\/p>\n<p>A referida Unidade de Sa\u00fade da Fam\u00edlia possui apenas um profissional de higieniza\u00e7\u00e3o, o que gera sobrecarga de demandas ao funcion\u00e1rio, e que atua com debilidade no seu kit de EPI\u00b4s, j\u00e1 que a bota deteriorada por rachaduras ainda n\u00e3o foi substitu\u00edda pela Sesab. Os m\u00e9dicos tamb\u00e9m atuam com desfalques nos seus Equipamentos de Prote\u00e7\u00e3o Individual, tendo em vista que seguem atendendo com avental perme\u00e1vel, ao inv\u00e9s de capa imperme\u00e1vel.<\/p>\n<p>A USF Curralinho est\u00e1 atuando sem um Diretor T\u00e9cnico respons\u00e1vel pela unidade, tendo o Cremeb notificado a necessidade de nomear um profissional para o cargo e de informar ao Conselho ap\u00f3s resolu\u00e7\u00e3o da lacuna.<\/p>\n<p><strong>UPA M\u00e3e Hilda Jitolu \u2013 Curuzu<\/strong><\/p>\n<p>Conhecida tamb\u00e9m como Unidade de Emerg\u00eancia do Curuzu, a UPA M\u00e3e Hilda Jitolu atendia no momento da fiscaliza\u00e7\u00e3o pacientes suspeitos e n\u00e3o suspeitos de infec\u00e7\u00e3o pela COVID-19 no mesmo ambiente, sem locais distintos na sala de espera e na sala de classifica\u00e7\u00e3o de risco. N\u00e3o havia tamb\u00e9m a aplica\u00e7\u00e3o do fluxo de atendimento para o Coronav\u00edrus, mas j\u00e1 providenciado pela unidade para instaura\u00e7\u00e3o.<\/p>\n<p>Outra debilidade se repete na utiliza\u00e7\u00e3o de EPI\u00b4s, a exemplo da indisponibilidade da m\u00e1scara N95 para examinar orofaringe; sendo constatada na vistoria que m\u00e1scaras N95 s\u00f3 eram disponibilizadas para coleta de swab nasal e para entuba\u00e7\u00e3o. De acordo com a enfermeira coordenadora, a situa\u00e7\u00e3o deve-se a restri\u00e7\u00e3o na quantidade de m\u00e1scaras.<\/p>\n<p>A UPA M\u00e3e Hilda Jitolu n\u00e3o possui cadastro no Cremeb, sendo exigida pelo Conselho mobiliza\u00e7\u00e3o da gest\u00e3o para tal, e, consequentemente, n\u00e3o possui Diretor T\u00e9cnico respons\u00e1vel pela unidade.<\/p>\n","protected":false},"excerpt":{"rendered":"<p>Em cumprimento ao seu papel de fiscalizar as unidades de sa\u00fade em prol da boa pr\u00e1tica da medicina e em [&hellip;]<\/p>\n","protected":false},"author":2,"featured_media":28000,"comment_status":"open","ping_status":"open","sticky":false,"template":"","format":"standard","meta":{"_expiration-date-status":"","_expiration-date":0,"_expiration-date-type":"","_expiration-date-categories":[],"_expiration-date-options":[]},"categories":[4,1,28],"tags":[],"acf":[],"_links":{"self":[{"href":"https:\/\/www.cremeb.org.br\/index.php\/wp-json\/wp\/v2\/posts\/28926"}],"collection":[{"href":"https:\/\/www.cremeb.org.br\/index.php\/wp-json\/wp\/v2\/posts"}],"about":[{"href":"https:\/\/www.cremeb.org.br\/index.php\/wp-json\/wp\/v2\/types\/post"}],"author":[{"embeddable":true,"href":"https:\/\/www.cremeb.org.br\/index.php\/wp-json\/wp\/v2\/users\/2"}],"replies":[{"embeddable":true,"href":"https:\/\/www.cremeb.org.br\/index.php\/wp-json\/wp\/v2\/comments?post=28926"}],"version-history":[{"count":1,"href":"https:\/\/www.cremeb.org.br\/index.php\/wp-json\/wp\/v2\/posts\/28926\/revisions"}],"predecessor-version":[{"id":28927,"href":"https:\/\/www.cremeb.org.br\/index.php\/wp-json\/wp\/v2\/posts\/28926\/revisions\/28927"}],"wp:featuredmedia":[{"embeddable":true,"href":"https:\/\/www.cremeb.org.br\/index.php\/wp-json\/wp\/v2\/media\/28000"}],"wp:attachment":[{"href":"https:\/\/www.cremeb.org.br\/index.php\/wp-json\/wp\/v2\/media?parent=28926"}],"wp:term":[{"taxonomy":"category","embeddable":true,"href":"https:\/\/www.cremeb.org.br\/index.php\/wp-json\/wp\/v2\/categories?post=28926"},{"taxonomy":"post_tag","embeddable":true,"href":"https:\/\/www.cremeb.org.br\/index.php\/wp-json\/wp\/v2\/tags?post=28926"}],"curies":[{"name":"wp","href":"https:\/\/api.w.org\/{rel}","templated":true}]}}